{"id":1692,"date":"2018-04-02T21:30:20","date_gmt":"2018-04-02T19:30:20","guid":{"rendered":"http:\/\/presencevocale.fr\/coachingvocal\/?p=1692"},"modified":"2018-07-21T19:33:24","modified_gmt":"2018-07-21T17:33:24","slug":"le-palais-de-lempereur-stage-voix-et-energie-les-samedi-23-et-dimanche-24-juin-2018","status":"publish","type":"post","link":"https:\/\/presencevocale.fr\/coachingvocal\/2018\/04\/02\/le-palais-de-lempereur-stage-voix-et-energie-les-samedi-23-et-dimanche-24-juin-2018\/","title":{"rendered":"Le Palais de l&rsquo;Empereur, stage Voix et Energie &#8211; les samedi 23 et dimanche 24 juin 2018"},"content":{"rendered":"<p><a href=\"http:\/\/presencevocale.fr\/coachingvocal\/wp-content\/uploads\/2016\/03\/Fotolia_98711433_XS.jpg\"><img loading=\"lazy\" decoding=\"async\" class=\" wp-image-455 alignleft\" src=\"http:\/\/presencevocale.fr\/coachingvocal\/wp-content\/uploads\/2016\/03\/Fotolia_98711433_XS-179x300.jpg\" alt=\"\" width=\"143\" height=\"239\" srcset=\"https:\/\/presencevocale.fr\/coachingvocal\/wp-content\/uploads\/2016\/03\/Fotolia_98711433_XS-179x300.jpg 179w, https:\/\/presencevocale.fr\/coachingvocal\/wp-content\/uploads\/2016\/03\/Fotolia_98711433_XS.jpg 268w\" sizes=\"auto, (max-width: 143px) 100vw, 143px\" \/><\/a><span style=\"color: #ff6600; font-size: 14pt;\"><em>Le Palais de l&#8217;empereur<\/em><\/span> est le premier d&rsquo;un cycle de 4 stages de week-end que je vais co-animer au fil des saisons, avec Bertrand CHARRIER.<\/p>\n<p>Ce cycle, que nous avons appel\u00e9 <span style=\"font-size: 14pt;\"><span style=\"color: #008000;\"><em>Le corps sonore : se lib\u00e9rer de l&#8217;emprise des \u00e9motions<\/em><\/span>,<\/span> bas\u00e9 sur <a href=\"http:\/\/presencevocale.fr\/coachingvocal\/wp-content\/uploads\/2018\/04\/saisons-5-element.jpg\"><img loading=\"lazy\" decoding=\"async\" class=\" wp-image-1727 alignright\" src=\"http:\/\/presencevocale.fr\/coachingvocal\/wp-content\/uploads\/2018\/04\/saisons-5-element-300x276.jpg\" alt=\"\" width=\"284\" height=\"261\" srcset=\"https:\/\/presencevocale.fr\/coachingvocal\/wp-content\/uploads\/2018\/04\/saisons-5-element-300x276.jpg 300w, https:\/\/presencevocale.fr\/coachingvocal\/wp-content\/uploads\/2018\/04\/saisons-5-element-768x707.jpg 768w, https:\/\/presencevocale.fr\/coachingvocal\/wp-content\/uploads\/2018\/04\/saisons-5-element-600x552.jpg 600w, https:\/\/presencevocale.fr\/coachingvocal\/wp-content\/uploads\/2018\/04\/saisons-5-element.jpg 918w\" sizes=\"auto, (max-width: 284px) 100vw, 284px\" \/><\/a>l&rsquo;\u00e9nergie des saisons selon la symbolique chinoise, se consacrera aux liens entre les organes du corps, la dynamique des \u00e9motions et les expressions corporelle et vocale qui en d\u00e9coulent. Il aura pour vocation d&rsquo;aider au d\u00e9ploiement de l&rsquo;\u00e9nergie, du rayonnement et du bien-\u00eatre, et d&rsquo;ouvrir un chemin vers la fluidit\u00e9 et la libert\u00e9 int\u00e9rieures.<\/p>\n<p>Durant tout ce cycle, nous vous proposerons d&rsquo;apprivoiser les mouvements, la libert\u00e9 et les vibrations du corps sonore, de faire vivre vos \u00e9motions, d&rsquo;exp\u00e9rimenter le toucher dans la confiance, d&rsquo;\u00e9couter, d&rsquo;\u00eatre pleinement pr\u00e9sents \u00e0 vous-m\u00eames et aux autres.<\/p>\n<h4><span style=\"color: #ff6600;\"><em><span style=\"font-size: 14pt;\">Le Palais de l&#8217;empereur, \u00e9nergie de l&rsquo;\u00e9t\u00e9<\/span><\/em><\/span><\/h4>\n<h4><a href=\"http:\/\/presencevocale.fr\/coachingvocal\/wp-content\/uploads\/2018\/02\/Blume-Vibration-Fotolia_137725380_XS.jpg\"><img loading=\"lazy\" decoding=\"async\" class=\"wp-image-1715 alignleft\" src=\"http:\/\/presencevocale.fr\/coachingvocal\/wp-content\/uploads\/2018\/02\/Blume-Vibration-Fotolia_137725380_XS-270x300.jpg\" alt=\"\" width=\"173\" height=\"192\" srcset=\"https:\/\/presencevocale.fr\/coachingvocal\/wp-content\/uploads\/2018\/02\/Blume-Vibration-Fotolia_137725380_XS-270x300.jpg 270w, https:\/\/presencevocale.fr\/coachingvocal\/wp-content\/uploads\/2018\/02\/Blume-Vibration-Fotolia_137725380_XS.jpg 329w\" sizes=\"auto, (max-width: 173px) 100vw, 173px\" \/><\/a>Du samedi 23 juin \u00e0 14h<br \/>\nau dimanche 24 juin 2018 \u00e0 18h<\/h4>\n<p>Lors de ce premier stage, nous vous proposons d&rsquo;aller \u00e0 la d\u00e9couverte de votre moi profond, dans l&rsquo;\u00e9nergie de la <span style=\"color: #ff0000;\">JOIE<\/span> qui est l&rsquo;\u00e9motion de l&rsquo;\u00e9t\u00e9 selon les chinois. Le <span style=\"color: #0000ff;\">COEUR<\/span> sera notre guide. Nous lui confierons notre voix pour lui faire exprimer la vuln\u00e9rabilit\u00e9, la tendresse et la bienveillance. Sur ce week-end, il s&rsquo;agira de s&rsquo;approprier le meilleur de soi.<\/p>\n<p>Le programme comporte des exercices d\u2019\u00e9chauffement de la voix et de mise en \u00e9nergie du corps, mais \u00e9galement des massages et des parcours ludiques des processus corporels de production du son. Improvisations vocales collectives et mises en mouvement vous aideront \u00e0 aller \u00e0 la rencontre de vous-m\u00eames et des autres.<\/p>\n<p><em>En option pour ceux qui le souhaitent<\/em> : nous prolongerons l&rsquo;apr\u00e8s-midi du samedi par un temps de chant harmonique (participation sans frais)<\/p>\n<p><span style=\"color: #ff6600;\">Fran\u00e7oise HECQUARD<\/span>, chanteuse, accordeuse de voix<\/p>\n<p><span style=\"color: #800080;\">Bertrand CHARRIER<\/span>, musicien, praticien en technique de sant\u00e9 naturelle (<a href=\"http:\/\/www.lavoieducorps.com\/\">La Voie du corps<\/a>)<\/p>\n<p>Au C<a href=\"http:\/\/presencevocale.fr\/coachingvocal\/wp-content\/uploads\/2016\/02\/Capture-d\u2019e\u0301cran-2016-03-05-a\u0300-01.34.28.png\"><img loading=\"lazy\" decoding=\"async\" class=\"wp-image-457 alignleft\" src=\"http:\/\/presencevocale.fr\/coachingvocal\/wp-content\/uploads\/2016\/02\/Capture-d\u2019e\u0301cran-2016-03-05-a\u0300-01.34.28-300x111.png\" alt=\"\" width=\"383\" height=\"142\" srcset=\"https:\/\/presencevocale.fr\/coachingvocal\/wp-content\/uploads\/2016\/02\/Capture-d\u2019e\u0301cran-2016-03-05-a\u0300-01.34.28-300x111.png 300w, https:\/\/presencevocale.fr\/coachingvocal\/wp-content\/uploads\/2016\/02\/Capture-d\u2019e\u0301cran-2016-03-05-a\u0300-01.34.28-1024x380.png 1024w, https:\/\/presencevocale.fr\/coachingvocal\/wp-content\/uploads\/2016\/02\/Capture-d\u2019e\u0301cran-2016-03-05-a\u0300-01.34.28-600x223.png 600w, https:\/\/presencevocale.fr\/coachingvocal\/wp-content\/uploads\/2016\/02\/Capture-d\u2019e\u0301cran-2016-03-05-a\u0300-01.34.28.png 1200w\" sizes=\"auto, (max-width: 383px) 100vw, 383px\" \/><\/a>entre Espace d&rsquo;Equilibre, 14, rue du Pr\u00e9-de-la-Bataille<br \/>\n<a href=\"https:\/\/www.le-centre-espace-equilibre.com\/\">Site du Centre Espace d&rsquo;\u00e9quilibre<\/a><\/p>\n<p>&nbsp;<\/p>\n<p>Apporter un repas l\u00e9ger pour le d\u00e9jeuner du dimanche midi, une bouteille d&rsquo;eau, des v\u00eatements souples et de quoi vous couvrir pour les exercices de pleine conscience.<\/p>\n<p>&nbsp;<\/p>\n<p>Prix du week-end : <strong>120 \u20ac<\/strong><br \/>\n30 \u20ac d&rsquo;acompte \u00e0 l&rsquo;inscription<br \/>\nTarif parrainage (<em>si vous incitez une autre personne \u00e0 s&rsquo;inscrire<\/em>) : 108 \u20ac<\/p>\n<p>Prix du cycle de 4 week-ends : <strong>430 \u20ac<\/strong><br \/>\n90 \u20ac d&rsquo;acompte \u00e0 l&rsquo;inscription<\/p>\n<h4><a href=\"http:\/\/presencevocale.fr\/coachingvocal\/wp-content\/uploads\/2018\/04\/Le-Palais-de-lempereur-flyer_Finale.pdf\"><span style=\"color: #800080;\">T\u00e9l\u00e9charger le flyer du stage<\/span><\/a><\/h4>\n<p>&nbsp;<\/p>\n<p>&nbsp;<\/p>\n","protected":false},"excerpt":{"rendered":"<p>Le Palais de l&#8217;empereur est le premier d&rsquo;un cycle de 4 stages de week-end que je vais co-animer au fil des saisons, avec Bertrand CHARRIER. Ce cycle, que nous avons appel\u00e9 Le corps sonore : se lib\u00e9rer de l&#8217;emprise des \u00e9motions, bas\u00e9 sur l&rsquo;\u00e9nergie des saisons selon la symbolique chinoise, se consacrera aux liens entre [&hellip;]<\/p>\n","protected":false},"author":3,"featured_media":1726,"comment_status":"open","ping_status":"open","sticky":false,"template":"","format":"standard","meta":{"ocean_post_layout":"","ocean_both_sidebars_style":"","ocean_both_sidebars_content_width":0,"ocean_both_sidebars_sidebars_width":0,"ocean_sidebar":"","ocean_second_sidebar":"","ocean_disable_margins":"enable","ocean_add_body_class":"","ocean_shortcode_before_top_bar":"","ocean_shortcode_after_top_bar":"","ocean_shortcode_before_header":"","ocean_shortcode_after_header":"","ocean_has_shortcode":"","ocean_shortcode_after_title":"","ocean_shortcode_before_footer_widgets":"","ocean_shortcode_after_footer_widgets":"","ocean_shortcode_before_footer_bottom":"","ocean_shortcode_after_footer_bottom":"","ocean_display_top_bar":"default","ocean_display_header":"default","ocean_header_style":"","ocean_center_header_left_menu":"","ocean_custom_header_template":"","ocean_custom_logo":0,"ocean_custom_retina_logo":0,"ocean_custom_logo_max_width":0,"ocean_custom_logo_tablet_max_width":0,"ocean_custom_logo_mobile_max_width":0,"ocean_custom_logo_max_height":0,"ocean_custom_logo_tablet_max_height":0,"ocean_custom_logo_mobile_max_height":0,"ocean_header_custom_menu":"","ocean_menu_typo_font_family":"","ocean_menu_typo_font_subset":"","ocean_menu_typo_font_size":0,"ocean_menu_typo_font_size_tablet":0,"ocean_menu_typo_font_size_mobile":0,"ocean_menu_typo_font_size_unit":"px","ocean_menu_typo_font_weight":"","ocean_menu_typo_font_weight_tablet":"","ocean_menu_typo_font_weight_mobile":"","ocean_menu_typo_transform":"","ocean_menu_typo_transform_tablet":"","ocean_menu_typo_transform_mobile":"","ocean_menu_typo_line_height":0,"ocean_menu_typo_line_height_tablet":0,"ocean_menu_typo_line_height_mobile":0,"ocean_menu_typo_line_height_unit":"","ocean_menu_typo_spacing":0,"ocean_menu_typo_spacing_tablet":0,"ocean_menu_typo_spacing_mobile":0,"ocean_menu_typo_spacing_unit":"","ocean_menu_link_color":"","ocean_menu_link_color_hover":"","ocean_menu_link_color_active":"","ocean_menu_link_background":"","ocean_menu_link_hover_background":"","ocean_menu_link_active_background":"","ocean_menu_social_links_bg":"","ocean_menu_social_hover_links_bg":"","ocean_menu_social_links_color":"","ocean_menu_social_hover_links_color":"","ocean_disable_title":"default","ocean_disable_heading":"default","ocean_post_title":"","ocean_post_subheading":"","ocean_post_title_style":"","ocean_post_title_background_color":"","ocean_post_title_background":0,"ocean_post_title_bg_image_position":"","ocean_post_title_bg_image_attachment":"","ocean_post_title_bg_image_repeat":"","ocean_post_title_bg_image_size":"","ocean_post_title_height":0,"ocean_post_title_bg_overlay":0.5,"ocean_post_title_bg_overlay_color":"","ocean_disable_breadcrumbs":"default","ocean_breadcrumbs_color":"","ocean_breadcrumbs_separator_color":"","ocean_breadcrumbs_links_color":"","ocean_breadcrumbs_links_hover_color":"","ocean_display_footer_widgets":"default","ocean_display_footer_bottom":"default","ocean_custom_footer_template":"","ocean_post_oembed":"","ocean_post_self_hosted_media":"","ocean_post_video_embed":"","ocean_link_format":"","ocean_link_format_target":"self","ocean_quote_format":"","ocean_quote_format_link":"post","ocean_gallery_link_images":"on","ocean_gallery_id":[],"footnotes":""},"categories":[14],"tags":[15,6,33,49,26,34,4],"class_list":["post-1692","post","type-post","status-publish","format-standard","has-post-thumbnail","hentry","category-stages","tag-corps","tag-emotions","tag-energie","tag-joie","tag-rouen","tag-saisons","tag-voix","entry","has-media"],"_links":{"self":[{"href":"https:\/\/presencevocale.fr\/coachingvocal\/wp-json\/wp\/v2\/posts\/1692","targetHints":{"allow":["GET"]}}],"collection":[{"href":"https:\/\/presencevocale.fr\/coachingvocal\/wp-json\/wp\/v2\/posts"}],"about":[{"href":"https:\/\/presencevocale.fr\/coachingvocal\/wp-json\/wp\/v2\/types\/post"}],"author":[{"embeddable":true,"href":"https:\/\/presencevocale.fr\/coachingvocal\/wp-json\/wp\/v2\/users\/3"}],"replies":[{"embeddable":true,"href":"https:\/\/presencevocale.fr\/coachingvocal\/wp-json\/wp\/v2\/comments?post=1692"}],"version-history":[{"count":30,"href":"https:\/\/presencevocale.fr\/coachingvocal\/wp-json\/wp\/v2\/posts\/1692\/revisions"}],"predecessor-version":[{"id":1834,"href":"https:\/\/presencevocale.fr\/coachingvocal\/wp-json\/wp\/v2\/posts\/1692\/revisions\/1834"}],"wp:featuredmedia":[{"embeddable":true,"href":"https:\/\/presencevocale.fr\/coachingvocal\/wp-json\/wp\/v2\/media\/1726"}],"wp:attachment":[{"href":"https:\/\/presencevocale.fr\/coachingvocal\/wp-json\/wp\/v2\/media?parent=1692"}],"wp:term":[{"taxonomy":"category","embeddable":true,"href":"https:\/\/presencevocale.fr\/coachingvocal\/wp-json\/wp\/v2\/categories?post=1692"},{"taxonomy":"post_tag","embeddable":true,"href":"https:\/\/presencevocale.fr\/coachingvocal\/wp-json\/wp\/v2\/tags?post=1692"}],"curies":[{"name":"wp","href":"https:\/\/api.w.org\/{rel}","templated":true}]}}