{"id":1928,"date":"2018-09-10T00:08:09","date_gmt":"2018-09-09T22:08:09","guid":{"rendered":"https:\/\/presencevocale.fr\/coachingvocal\/?p=1928"},"modified":"2018-10-27T00:09:17","modified_gmt":"2018-10-26T22:09:17","slug":"stage-prise-de-parole-en-public-rennes-18-et-19-octobre-2018","status":"publish","type":"post","link":"https:\/\/presencevocale.fr\/coachingvocal\/2018\/09\/10\/stage-prise-de-parole-en-public-rennes-18-et-19-octobre-2018\/","title":{"rendered":"Stage Prise de parole en public, Rennes, 18 et 19 octobre 2018"},"content":{"rendered":"<h3>Jeudi 18 et vendredi 19 octobre 2018<\/h3>\n<h5><a href=\"https:\/\/presencevocale.fr\/coachingvocal\/wp-content\/uploads\/2018\/10\/Universite\u0301-Rennes-2-Logo-jpg.jpeg\"><img loading=\"lazy\" decoding=\"async\" class=\" wp-image-1929 alignleft\" src=\"https:\/\/presencevocale.fr\/coachingvocal\/wp-content\/uploads\/2018\/10\/Universite\u0301-Rennes-2-Logo-jpg-300x300.jpeg\" alt=\"\" width=\"178\" height=\"178\" srcset=\"https:\/\/presencevocale.fr\/coachingvocal\/wp-content\/uploads\/2018\/10\/Universite\u0301-Rennes-2-Logo-jpg-300x300.jpeg 300w, https:\/\/presencevocale.fr\/coachingvocal\/wp-content\/uploads\/2018\/10\/Universite\u0301-Rennes-2-Logo-jpg-150x150.jpeg 150w, https:\/\/presencevocale.fr\/coachingvocal\/wp-content\/uploads\/2018\/10\/Universite\u0301-Rennes-2-Logo-jpg-768x768.jpeg 768w, https:\/\/presencevocale.fr\/coachingvocal\/wp-content\/uploads\/2018\/10\/Universite\u0301-Rennes-2-Logo-jpg-600x600.jpeg 600w, https:\/\/presencevocale.fr\/coachingvocal\/wp-content\/uploads\/2018\/10\/Universite\u0301-Rennes-2-Logo-jpg.jpeg 900w\" sizes=\"auto, (max-width: 178px) 100vw, 178px\" \/><\/a>Stage organis\u00e9 par la <a href=\"https:\/\/www.univ-rennes2.fr\/cfcb\">Centre de formation aux carri\u00e8res des biblioth\u00e8ques Bretagne-Pays de Loire<\/a> \u00e0 l&rsquo;intention des biblioth\u00e9caires-formateurs des universit\u00e9s de la r\u00e9gion.<\/h5>\n<p>Contact : Isabelle BAILLET, responsable formation &#8211; isabelle.bailliet@univ-rennes2.fr \/ Tel. 02 99 14 12 95<\/p>\n<h5><\/h5>\n<h5>Objectifs de formation<\/h5>\n<p>La formation a pour but de d\u00e9velopper des comp\u00e9tences de base en communication \u00e0 l\u2019oral. Elle permettra aux participants d\u2019acqu\u00e9rir des outils applicables dans diverses situations de leur quotidien professionnel en biblioth\u00e8que. Elle contribuera en outre \u00e0 les aider \u00e0 g\u00e9rer le trac et leur expression vocale, en coh\u00e9rence avec leur personnalit\u00e9.<\/p>\n<h5>Objectifs p\u00e9dagogiques<\/h5>\n<p>Savoir communiquer \u00e0 l\u2019oral, dans diverses circonstances li\u00e9es aux missions de sa biblioth\u00e8que<\/p>\n<p>Savoir utiliser sa voix de mani\u00e8re confortable pour soi et audible pour les autres<\/p>\n<p>Savoir g\u00e9rer son stress dans une situation de communication<\/p>\n<p>Dans ces buts :<\/p>\n<ul>\n<li>Identifier les circonstances de la prise de parole en public en biblioth\u00e8que, les comp\u00e9tences utiles et la sp\u00e9cificit\u00e9 des publics destinataires<\/li>\n<li>Identifier les param\u00e8tres d\u2019une communication efficace<\/li>\n<li>Conna\u00eetre les m\u00e9canismes du fonctionnement de la voix<\/li>\n<li>Savoir structurer son discours<\/li>\n<li>Savoir rep\u00e9rer et \u00e9viter les tics de langage<\/li>\n<li>Savoir g\u00e9rer sa pr\u00e9sence face \u00e0 un interlocuteur ou un groupe<\/li>\n<li>Savoir se faire entendre et comprendre (articuler, varier les tonalit\u00e9s, jouer des silences\u2026)<\/li>\n<li>Savoir se d\u00e9contracter avant de parler<\/li>\n<li>Savoir cr\u00e9er une ambiance attentive et bienveillante<\/li>\n<\/ul>\n<h5>M\u00e9thodes :<\/h5>\n<p>Apports th\u00e9oriques succincts, visionnement de vid\u00e9os d\u2019exemples, exercices pratiques collectifs et individuels, mises en situation (lectures de texte, jeux vocaux individuels et \u00e0 plusieurs\u2026).<\/p>\n<h5>Publication li\u00e9e :<\/h5>\n<p><strong>Site d\u00e9di\u00e9 \u00e0 la formation \u00e0 consulter : <\/strong><strong><a href=\"http:\/\/dynamiquesdechangement.fr\/\">Dynamiques de changement<\/a><\/strong><\/p>\n<p>Voir aussi la fiche <a href=\"http:\/\/dynamiquesdechangement.fr\/formations\/formation-de-formateurs\/\"><em>Formation de formateurs<\/em><\/a><\/p>\n","protected":false},"excerpt":{"rendered":"<p>Jeudi 18 et vendredi 19 octobre 2018 Stage organis\u00e9 par la Centre de formation aux carri\u00e8res des biblioth\u00e8ques Bretagne-Pays de Loire \u00e0 l&rsquo;intention des biblioth\u00e9caires-formateurs des universit\u00e9s de la r\u00e9gion. Contact : Isabelle BAILLET, responsable formation &#8211; isabelle.bailliet@univ-rennes2.fr \/ Tel. 02 99 14 12 95 Objectifs de formation La formation a pour but de d\u00e9velopper [&hellip;]<\/p>\n","protected":false},"author":3,"featured_media":0,"comment_status":"open","ping_status":"open","sticky":false,"template":"","format":"standard","meta":{"ocean_post_layout":"","ocean_both_sidebars_style":"","ocean_both_sidebars_content_width":0,"ocean_both_sidebars_sidebars_width":0,"ocean_sidebar":"","ocean_second_sidebar":"","ocean_disable_margins":"enable","ocean_add_body_class":"","ocean_shortcode_before_top_bar":"","ocean_shortcode_after_top_bar":"","ocean_shortcode_before_header":"","ocean_shortcode_after_header":"","ocean_has_shortcode":"","ocean_shortcode_after_title":"","ocean_shortcode_before_footer_widgets":"","ocean_shortcode_after_footer_widgets":"","ocean_shortcode_before_footer_bottom":"","ocean_shortcode_after_footer_bottom":"","ocean_display_top_bar":"default","ocean_display_header":"default","ocean_header_style":"","ocean_center_header_left_menu":"","ocean_custom_header_template":"","ocean_custom_logo":0,"ocean_custom_retina_logo":0,"ocean_custom_logo_max_width":0,"ocean_custom_logo_tablet_max_width":0,"ocean_custom_logo_mobile_max_width":0,"ocean_custom_logo_max_height":0,"ocean_custom_logo_tablet_max_height":0,"ocean_custom_logo_mobile_max_height":0,"ocean_header_custom_menu":"","ocean_menu_typo_font_family":"","ocean_menu_typo_font_subset":"","ocean_menu_typo_font_size":0,"ocean_menu_typo_font_size_tablet":0,"ocean_menu_typo_font_size_mobile":0,"ocean_menu_typo_font_size_unit":"px","ocean_menu_typo_font_weight":"","ocean_menu_typo_font_weight_tablet":"","ocean_menu_typo_font_weight_mobile":"","ocean_menu_typo_transform":"","ocean_menu_typo_transform_tablet":"","ocean_menu_typo_transform_mobile":"","ocean_menu_typo_line_height":0,"ocean_menu_typo_line_height_tablet":0,"ocean_menu_typo_line_height_mobile":0,"ocean_menu_typo_line_height_unit":"","ocean_menu_typo_spacing":0,"ocean_menu_typo_spacing_tablet":0,"ocean_menu_typo_spacing_mobile":0,"ocean_menu_typo_spacing_unit":"","ocean_menu_link_color":"","ocean_menu_link_color_hover":"","ocean_menu_link_color_active":"","ocean_menu_link_background":"","ocean_menu_link_hover_background":"","ocean_menu_link_active_background":"","ocean_menu_social_links_bg":"","ocean_menu_social_hover_links_bg":"","ocean_menu_social_links_color":"","ocean_menu_social_hover_links_color":"","ocean_disable_title":"default","ocean_disable_heading":"default","ocean_post_title":"","ocean_post_subheading":"","ocean_post_title_style":"","ocean_post_title_background_color":"","ocean_post_title_background":0,"ocean_post_title_bg_image_position":"","ocean_post_title_bg_image_attachment":"","ocean_post_title_bg_image_repeat":"","ocean_post_title_bg_image_size":"","ocean_post_title_height":0,"ocean_post_title_bg_overlay":0.5,"ocean_post_title_bg_overlay_color":"","ocean_disable_breadcrumbs":"default","ocean_breadcrumbs_color":"","ocean_breadcrumbs_separator_color":"","ocean_breadcrumbs_links_color":"","ocean_breadcrumbs_links_hover_color":"","ocean_display_footer_widgets":"default","ocean_display_footer_bottom":"default","ocean_custom_footer_template":"","ocean_post_oembed":"","ocean_post_self_hosted_media":"","ocean_post_video_embed":"","ocean_link_format":"","ocean_link_format_target":"self","ocean_quote_format":"","ocean_quote_format_link":"post","ocean_gallery_link_images":"on","ocean_gallery_id":[],"footnotes":""},"categories":[14],"tags":[60,37,58,59,4],"class_list":["post-1928","post","type-post","status-publish","format-standard","hentry","category-stages","tag-centre-de-formation-aux-carrieres-des-bibliotheques","tag-prise-de-parole-en-public","tag-rennes","tag-universite","tag-voix","entry"],"_links":{"self":[{"href":"https:\/\/presencevocale.fr\/coachingvocal\/wp-json\/wp\/v2\/posts\/1928","targetHints":{"allow":["GET"]}}],"collection":[{"href":"https:\/\/presencevocale.fr\/coachingvocal\/wp-json\/wp\/v2\/posts"}],"about":[{"href":"https:\/\/presencevocale.fr\/coachingvocal\/wp-json\/wp\/v2\/types\/post"}],"author":[{"embeddable":true,"href":"https:\/\/presencevocale.fr\/coachingvocal\/wp-json\/wp\/v2\/users\/3"}],"replies":[{"embeddable":true,"href":"https:\/\/presencevocale.fr\/coachingvocal\/wp-json\/wp\/v2\/comments?post=1928"}],"version-history":[{"count":1,"href":"https:\/\/presencevocale.fr\/coachingvocal\/wp-json\/wp\/v2\/posts\/1928\/revisions"}],"predecessor-version":[{"id":1930,"href":"https:\/\/presencevocale.fr\/coachingvocal\/wp-json\/wp\/v2\/posts\/1928\/revisions\/1930"}],"wp:attachment":[{"href":"https:\/\/presencevocale.fr\/coachingvocal\/wp-json\/wp\/v2\/media?parent=1928"}],"wp:term":[{"taxonomy":"category","embeddable":true,"href":"https:\/\/presencevocale.fr\/coachingvocal\/wp-json\/wp\/v2\/categories?post=1928"},{"taxonomy":"post_tag","embeddable":true,"href":"https:\/\/presencevocale.fr\/coachingvocal\/wp-json\/wp\/v2\/tags?post=1928"}],"curies":[{"name":"wp","href":"https:\/\/api.w.org\/{rel}","templated":true}]}}