{"id":2438,"date":"2022-02-05T16:16:31","date_gmt":"2022-02-05T14:16:31","guid":{"rendered":"https:\/\/presencevocale.fr\/coachingvocal\/?p=2438"},"modified":"2022-02-05T16:17:02","modified_gmt":"2022-02-05T14:17:02","slug":"du-coaching-de-la-voix-parlee-et-chantee-en-seances-individuelles-a-sotteville-les-rouen","status":"publish","type":"post","link":"https:\/\/presencevocale.fr\/coachingvocal\/2022\/02\/05\/du-coaching-de-la-voix-parlee-et-chantee-en-seances-individuelles-a-sotteville-les-rouen\/","title":{"rendered":"Du coaching de la voix parl\u00e9e et chant\u00e9e en s\u00e9ances individuelles \u00e0 Sotteville-les-Rouen"},"content":{"rendered":"<p><strong><span style=\"color: #333399;\"><a href=\"https:\/\/presencevocale.fr\/coachingvocal\/wp-content\/uploads\/2018\/12\/Vraie-voix-Fotolia_160967614_XS.jpg\"><img loading=\"lazy\" decoding=\"async\" class=\"size-medium wp-image-2005 alignleft\" src=\"https:\/\/presencevocale.fr\/coachingvocal\/wp-content\/uploads\/2018\/12\/Vraie-voix-Fotolia_160967614_XS-300x200.jpg\" alt=\"\" width=\"300\" height=\"200\" srcset=\"https:\/\/presencevocale.fr\/coachingvocal\/wp-content\/uploads\/2018\/12\/Vraie-voix-Fotolia_160967614_XS-300x200.jpg 300w, https:\/\/presencevocale.fr\/coachingvocal\/wp-content\/uploads\/2018\/12\/Vraie-voix-Fotolia_160967614_XS.jpg 424w\" sizes=\"auto, (max-width: 300px) 100vw, 300px\" \/><\/a><\/span><\/strong><span style=\"color: #333399;\">\u00ab\u00a0<\/span><span style=\"color: #333399;\"><em>La voix est la musique de l&rsquo;\u00e2me<\/em><\/span><span style=\"color: #333399;\">\u00ab\u00a0. BARBARA (chanteuse et po\u00e8te fran\u00e7aise)<br \/>\n<\/span><\/p>\n<p><span style=\"color: #333399;\">\u00ab\u00a0<em>La voix humaine est le plus beau de tous les instruments, le plus \u00e9mouvant<\/em>\u00ab\u00a0. Anna GAVALDA (\u00e9crivaine fran\u00e7aise)<br \/>\n<\/span><\/p>\n<p><span style=\"color: #333399;\">\u00ab\u00a0<em>Ce sont les voix qui restent en dernier, tout comme c&rsquo;est la voix, souvent, qui, comme un parfum, pr\u00e9c\u00e8de et annonce l&rsquo;entr\u00e9e physique de quelqu&rsquo;un dans votre vie<\/em>\u00ab\u00a0. Jean-Jacques SCHUHL (\u00e9crivain fran\u00e7ais)<\/span><\/p>\n<p>&nbsp;<\/p>\n<h2><strong><span style=\"color: #3366ff;\">Du coaching vocal, pourquoi faire ?<\/span><\/strong><\/h2>\n<h4><span style=\"color: #333399;\">Vous avez besoin de reprendre confiance en votre voix, vous ne l&rsquo;aimez pas ou on vous a dit qu&rsquo;elle \u00e9tait d\u00e9sagr\u00e9able ou que vous chantiez faux. Vous voulez savoir vous exprimer pour \u00eatre entendu(e). Vous voulez affirmer votre pr\u00e9sence et votre personnalit\u00e9 avec votre voix. Vous avez du mal \u00e0 maitriser vos \u00e9motions quand vous parlez. Vous avez r\u00e9guli\u00e8rement ou ponctuellement \u00e0 vous exprimer en public. Ou bien vous souhaitez apprendre \u00e0 chanter, am\u00e9liorer votre technique vocale, faire passer vos \u00e9motions dans vos chansons.<\/span><\/h4>\n<p><strong>Je peux vous aider \u00e0 vous sentir plus \u00e0 l\u2019aise dans toutes les situations de prise de parole en public, \u00e0 mieux comprendre sur quoi s\u2019appuie votre mani\u00e8re de communiquer, \u00e0 faire en sorte que votre parole soit mieux entendue.<\/strong><\/p>\n<p><strong>Je vous propose de d\u00e9couvrir les piliers corporels de votre voix, d\u2019apprendre \u00e0 jouer avec les sons, de mieux g\u00e9rer votre respiration et votre capacit\u00e9 de d\u00e9tente.<\/strong><\/p>\n<p><strong>Je vous propose de comprendre comment \u00eatre plus pr\u00e9sent, comment vous faire mieux entendre quand vous le voulez vraiment et comment mieux appr\u00e9hender votre relation aux autres.<\/strong><\/p>\n<h2><strong><span style=\"color: #3366ff;\">Les difficult\u00e9s fr\u00e9quentes<\/span> <\/strong><\/h2>\n<div id=\"content\" class=\"site-content clr\">\n<article class=\"single-page-article clr\">\n<div class=\"entry clr\">\n<p><strong><span style=\"color: #333399;\">La voix ne peut prendre toute sa puissance et toute sa fluidit\u00e9 qu\u2019en s\u2019incarnant dans un corps d\u00e9tendu et ouvert au souffle.<\/span><\/strong><\/p>\n<p><strong><a href=\"https:\/\/presencevocale.fr\/coachingvocal\/wp-content\/uploads\/2018\/05\/Corps-tendu-Fotolia_171263102_XS.jpg\"><img loading=\"lazy\" decoding=\"async\" class=\"size-medium wp-image-1748 alignright\" src=\"https:\/\/presencevocale.fr\/coachingvocal\/wp-content\/uploads\/2018\/05\/Corps-tendu-Fotolia_171263102_XS-222x300.jpg\" alt=\"\" width=\"222\" height=\"300\" srcset=\"https:\/\/presencevocale.fr\/coachingvocal\/wp-content\/uploads\/2018\/05\/Corps-tendu-Fotolia_171263102_XS-222x300.jpg 222w, https:\/\/presencevocale.fr\/coachingvocal\/wp-content\/uploads\/2018\/05\/Corps-tendu-Fotolia_171263102_XS.jpg 298w\" sizes=\"auto, (max-width: 222px) 100vw, 222px\" \/><\/a><span style=\"color: #333399;\">Zones les plus fr\u00e9quentes de tension vocale \u00e0 d\u00e9nouer\u00a0:<\/span><\/strong><\/p>\n<ul>\n<li>Genoux verrouill\u00e9s<\/li>\n<li>Bassin bloqu\u00e9<\/li>\n<li>Diaphragme crisp\u00e9 \/ inutilis\u00e9<\/li>\n<li>Respiration bloqu\u00e9e dans le thorax<\/li>\n<li>\u00c9paules tendues<\/li>\n<li>Nuque raide<\/li>\n<li>M\u00e2choires verrouill\u00e9es<\/li>\n<li>Langue r\u00e9tract\u00e9e<\/li>\n<\/ul>\n<p><strong><span style=\"color: #333399;\">Pour cette raison, il est important :<\/span><\/strong><\/p>\n<ul>\n<li>De consid\u00e9rer son corps comme un v\u00e9ritable instrument de musique qu\u2019il faut entretenir et \u00ab\u00a0accorder\u00a0\u00bb.<\/li>\n<li>De ne jamais mettre en \u0153uvre de performance vocale sans un travail pr\u00e9alable d\u2019assouplissement et d\u2019\u00e9chauffement du corps (<em>et pas seulement des cordes vocales<\/em>).<\/li>\n<\/ul>\n<\/div>\n<\/article>\n<\/div>\n<h2><strong><span style=\"color: #3366ff;\">Comment se passe les s\u00e9ances ?<\/span><\/strong><\/h2>\n<p><a href=\"https:\/\/presencevocale.fr\/coachingvocal\/wp-content\/uploads\/2017\/12\/fotolia_64437692.jpg\"><img loading=\"lazy\" decoding=\"async\" class=\" wp-image-1661 alignleft\" src=\"https:\/\/presencevocale.fr\/coachingvocal\/wp-content\/uploads\/2017\/12\/fotolia_64437692-300x211.jpg\" alt=\"\" width=\"188\" height=\"132\" srcset=\"https:\/\/presencevocale.fr\/coachingvocal\/wp-content\/uploads\/2017\/12\/fotolia_64437692-300x211.jpg 300w, https:\/\/presencevocale.fr\/coachingvocal\/wp-content\/uploads\/2017\/12\/fotolia_64437692.jpg 500w\" sizes=\"auto, (max-width: 188px) 100vw, 188px\" \/><\/a><strong>Le travail corporel est adapt\u00e9 \u00e0 chaque probl\u00e9matique. Je vous propose des exercices qui permettent, selon les besoins :<\/strong><\/p>\n<ul>\n<li><span style=\"color: #000000;\"> de respirer plus amplement et plus confortablement,<\/span><\/li>\n<li><span style=\"color: #000000;\">d&rsquo;accueillir ses \u00e9motions et d&rsquo;en faire des amies,<\/span><\/li>\n<li><span style=\"color: #000000;\">d&rsquo;amplifier la r\u00e9sonance et la la puissance de votre voix,<\/span><\/li>\n<li><span style=\"color: #000000;\">de d\u00e9velopper son amplitude (aigus, graves),<\/span><\/li>\n<li><span style=\"color: #000000;\">de la rendre plus claire et plus audible. <\/span><\/li>\n<li><span style=\"color: #000000;\">de travailler sur votre confiance, votre pr\u00e9sence, votre gestion du stress, votre expression.<\/span><\/li>\n<\/ul>\n<p><strong><span style=\"color: #333399;\">Les exercices sont nombreux et adapt\u00e9s \u00e0 chacun. On ne travaille pas en force mais dans l&rsquo;\u00e9coute de soi.<\/span><\/strong><\/p>\n<h4><span style=\"color: #333399;\">Plus de d\u00e9tails sur le d\u00e9roulement des s\u00e9ances et tarifs <a style=\"color: #333399;\" href=\"https:\/\/presencevocale.fr\/coachingvocal\/seances-individuelles\/\"><strong>ICI<\/strong><\/a><\/span><\/h4>\n<h4><strong>La s\u00e9ance de d\u00e9couverte est offerte.<\/strong><\/h4>\n<div class=\"frm_forms  with_frm_style frm_style_style-formidable\" id=\"frm_form_2_container\" >\n<form enctype=\"multipart\/form-data\" method=\"post\" class=\"frm-show-form \" id=\"form_formulairedecontact\" >\n<div class=\"frm_form_fields \">\n<fieldset>\n<legend class=\"frm_screen_reader\">Me contacter<\/legend>\r\n<h3 class=\"frm_form_title\">Me contacter<\/h3>\r\n<div class=\"frm_description\"><p>Demande de renseignements : merci de remplir le formulaire ci-dessous.<\/p>\n<\/div><div class=\"frm_fields_container\">\n<input type=\"hidden\" name=\"frm_action\" value=\"create\" \/>\n<input type=\"hidden\" name=\"form_id\" value=\"2\" \/>\n<input type=\"hidden\" name=\"frm_hide_fields_2\" id=\"frm_hide_fields_2\" value=\"\" \/>\n<input type=\"hidden\" name=\"form_key\" value=\"formulairedecontact\" \/>\n<input type=\"hidden\" name=\"item_meta[0]\" value=\"\" \/>\n<input type=\"hidden\" id=\"frm_submit_entry_2\" name=\"frm_submit_entry_2\" value=\"0be65971ab\" \/><input type=\"hidden\" name=\"_wp_http_referer\" value=\"\/coachingvocal\/wp-json\/wp\/v2\/posts\/2438\" \/><div id=\"frm_field_30_container\" class=\"frm_form_field form-field  frm_required_field frm_top_container frm12 frm_first\">\n    <label for=\"field_ipf8u\" id=\"field_ipf8u_label\" class=\"frm_primary_label\">Sujet\n        <span class=\"frm_required\" aria-hidden=\"true\">*<\/span>\n    <\/label>\n    <input type=\"text\" id=\"field_ipf8u\" name=\"item_meta[30]\" value=\"\"  data-reqmsg=\"Ce champ ne peut pas \u00eatre vide\" aria-required=\"true\" data-invmsg=\"texte est non valide\" aria-invalid=\"false\"  \/>\n    \n    \n<\/div>\n<div id=\"frm_field_6_container\" class=\"frm_form_field form-field  frm_required_field frm_top_container frm_half\">\r\n    <label for=\"field_qh4icy2\" class=\"frm_primary_label\">Nom\r\n        <span class=\"frm_required\">*<\/span>\r\n    <\/label>\r\n    <input type=\"text\" id=\"field_qh4icy2\" name=\"item_meta[6]\" value=\"\"  data-reqmsg=\"Ce champ ne peut pas \u00eatre vide\" aria-required=\"true\" data-invmsg=\"Name est non valide\" aria-invalid=\"false\"  \/>\r\n    \r\n    \r\n<\/div>\n<div id=\"frm_field_13_container\" class=\"frm_form_field form-field  frm_required_field frm_top_container frm_half\">\r\n    <label for=\"field_xzrkr\" class=\"frm_primary_label\">Pr\u00e9nom\r\n        <span class=\"frm_required\">*<\/span>\r\n    <\/label>\r\n    <input type=\"text\" id=\"field_xzrkr\" name=\"item_meta[13]\" value=\"\"  data-reqmsg=\"Ce champ ne peut pas \u00eatre vide\" aria-required=\"true\" data-invmsg=\"texte est non valide\" aria-invalid=\"false\"  \/>\r\n    \r\n    \r\n<\/div>\n<div id=\"frm_field_12_container\" class=\"frm_form_field form-field  frm_top_container frm_half\">\r\n    <label for=\"field_waecv\" class=\"frm_primary_label\">Organisme ou collectivit\u00e9 (\u00e9ventuellement)\r\n        <span class=\"frm_required\"><\/span>\r\n    <\/label>\r\n    <input type=\"text\" id=\"field_waecv\" name=\"item_meta[12]\" value=\"\"  data-invmsg=\"texte est non valide\" aria-invalid=\"false\"  \/>\r\n    \r\n    \r\n<\/div>\n<div id=\"frm_field_28_container\" class=\"frm_form_field form-field  frm_required_field frm_top_container\">\n    <label for=\"field_8b65k\" id=\"field_8b65k_label\" class=\"frm_primary_label\">Ville\n        <span class=\"frm_required\">*<\/span>\n    <\/label>\n    <input type=\"text\" id=\"field_8b65k\" name=\"item_meta[28]\" value=\"\"  data-reqmsg=\"Ce champ ne peut pas \u00eatre vide\" aria-required=\"true\" data-invmsg=\"texte est non valide\" aria-invalid=\"false\"  \/>\n    \n    \n<\/div>\n<div id=\"frm_field_8_container\" class=\"frm_form_field form-field  frm_required_field frm_top_container frm_third frm_first\">\r\n    <label for=\"field_29yf4d2\" class=\"frm_primary_label\">Email\r\n        <span class=\"frm_required\">*<\/span>\r\n    <\/label>\r\n    <input type=\"email\" id=\"field_29yf4d2\" name=\"item_meta[8]\" value=\"\"  data-reqmsg=\"Ce champ ne peut pas \u00eatre vide\" aria-required=\"true\" data-invmsg=\"Please enter a valid email address\" aria-invalid=\"false\"  \/>\r\n    \r\n    \r\n<\/div>\n<div id=\"frm_field_11_container\" class=\"frm_form_field form-field  frm_required_field frm_top_container frm_third\">\r\n    <label for=\"field_ew3yw\" class=\"frm_primary_label\">T\u00e9l\u00e9phone\r\n        <span class=\"frm_required\">*<\/span>\r\n    <\/label>\r\n    <input type=\"text\" id=\"field_ew3yw\" name=\"item_meta[11]\" value=\"\"  data-reqmsg=\"Ce champ ne peut pas \u00eatre vide\" aria-required=\"true\" data-invmsg=\"texte est non valide\" aria-invalid=\"false\"  \/>\r\n    \r\n    \r\n<\/div>\n<div id=\"frm_field_10_container\" class=\"frm_form_field form-field  frm_required_field frm_top_container frm_half\">\r\n    <label for=\"field_9jv0r12\" class=\"frm_primary_label\">Message\r\n        <span class=\"frm_required\">*<\/span>\r\n    <\/label>\r\n    <textarea name=\"item_meta[10]\" id=\"field_9jv0r12\" rows=\"5\"  data-reqmsg=\"Ce champ ne peut pas \u00eatre vide\" aria-required=\"true\" data-invmsg=\"Message est non valide\" aria-invalid=\"false\"  ><\/textarea>\r\n    \r\n    \r\n<\/div>\n<div id=\"frm_field_35_container\" class=\"frm_form_field form-field  frm_none_container\">\n    <label for=\"g-recaptcha-response\" id=\"field_s95f_label\" class=\"frm_primary_label\">reCAPTCHA\n        <span class=\"frm_required\" aria-hidden=\"true\"><\/span>\n    <\/label>\n    <div  id=\"field_s95f\" class=\"g-recaptcha\" data-sitekey=\"6Le8sOwfAAAAAPBhM6qA1mVoufp11tqXa-FTvHQL\" data-size=\"normal\" data-theme=\"light\"><\/div>\n    \n    \n<\/div>\n\t<input type=\"hidden\" name=\"item_key\" value=\"\" \/>\n\t\t\t<div id=\"frm_field_37_container\">\n\t\t\t<label for=\"field_fy0tb\" >\n\t\t\t\tSi vous \u00eates un humain, ne remplissez pas ce champ.\t\t\t<\/label>\n\t\t\t<input  id=\"field_fy0tb\" type=\"text\" class=\"frm_form_field form-field frm_verify\" name=\"item_meta[37]\" value=\"\"  \/>\n\t\t<\/div>\n\t\t<input name=\"frm_state\" type=\"hidden\" value=\"z\/Xb1Usj4ySh+mfxkbvvD9IjC1Y9n5nZhGnx+2Rff2Y=\" \/><div class=\"frm_submit\">\r\n\r\n<button class=\"frm_button_submit\" type=\"submit\"  >Envoyer<\/button>\r\n\r\n<\/div><\/div>\n<\/fieldset>\n<\/div>\n\n<p style=\"display: none !important;\" class=\"akismet-fields-container\" data-prefix=\"ak_\"><label>&#916;<textarea name=\"ak_hp_textarea\" cols=\"45\" rows=\"8\" maxlength=\"100\"><\/textarea><\/label><input type=\"hidden\" id=\"ak_js_1\" name=\"ak_js\" value=\"164\"\/><script>\ndocument.getElementById( \"ak_js_1\" ).setAttribute( \"value\", ( new Date() ).getTime() );\n<\/script>\n<\/p><\/form>\n<\/div>\n\n","protected":false},"excerpt":{"rendered":"<p>\u00ab\u00a0La voix est la musique de l&rsquo;\u00e2me\u00ab\u00a0. BARBARA (chanteuse et po\u00e8te fran\u00e7aise) \u00ab\u00a0La voix humaine est le plus beau de tous les instruments, le plus \u00e9mouvant\u00ab\u00a0. Anna GAVALDA (\u00e9crivaine fran\u00e7aise) \u00ab\u00a0Ce sont les voix qui restent en dernier, tout comme c&rsquo;est la voix, souvent, qui, comme un parfum, pr\u00e9c\u00e8de et annonce l&rsquo;entr\u00e9e physique de quelqu&rsquo;un [&hellip;]<\/p>\n","protected":false},"author":3,"featured_media":2005,"comment_status":"open","ping_status":"open","sticky":false,"template":"","format":"standard","meta":{"ocean_post_layout":"","ocean_both_sidebars_style":"","ocean_both_sidebars_content_width":0,"ocean_both_sidebars_sidebars_width":0,"ocean_sidebar":"0","ocean_second_sidebar":"0","ocean_disable_margins":"enable","ocean_add_body_class":"","ocean_shortcode_before_top_bar":"","ocean_shortcode_after_top_bar":"","ocean_shortcode_before_header":"","ocean_shortcode_after_header":"","ocean_has_shortcode":"","ocean_shortcode_after_title":"","ocean_shortcode_before_footer_widgets":"","ocean_shortcode_after_footer_widgets":"","ocean_shortcode_before_footer_bottom":"","ocean_shortcode_after_footer_bottom":"","ocean_display_top_bar":"default","ocean_display_header":"default","ocean_header_style":"","ocean_center_header_left_menu":"0","ocean_custom_header_template":"0","ocean_custom_logo":0,"ocean_custom_retina_logo":0,"ocean_custom_logo_max_width":0,"ocean_custom_logo_tablet_max_width":0,"ocean_custom_logo_mobile_max_width":0,"ocean_custom_logo_max_height":0,"ocean_custom_logo_tablet_max_height":0,"ocean_custom_logo_mobile_max_height":0,"ocean_header_custom_menu":"0","ocean_menu_typo_font_family":"0","ocean_menu_typo_font_subset":"","ocean_menu_typo_font_size":0,"ocean_menu_typo_font_size_tablet":0,"ocean_menu_typo_font_size_mobile":0,"ocean_menu_typo_font_size_unit":"px","ocean_menu_typo_font_weight":"","ocean_menu_typo_font_weight_tablet":"","ocean_menu_typo_font_weight_mobile":"","ocean_menu_typo_transform":"","ocean_menu_typo_transform_tablet":"","ocean_menu_typo_transform_mobile":"","ocean_menu_typo_line_height":0,"ocean_menu_typo_line_height_tablet":0,"ocean_menu_typo_line_height_mobile":0,"ocean_menu_typo_line_height_unit":"","ocean_menu_typo_spacing":0,"ocean_menu_typo_spacing_tablet":0,"ocean_menu_typo_spacing_mobile":0,"ocean_menu_typo_spacing_unit":"","ocean_menu_link_color":"","ocean_menu_link_color_hover":"","ocean_menu_link_color_active":"","ocean_menu_link_background":"","ocean_menu_link_hover_background":"","ocean_menu_link_active_background":"","ocean_menu_social_links_bg":"","ocean_menu_social_hover_links_bg":"","ocean_menu_social_links_color":"","ocean_menu_social_hover_links_color":"","ocean_disable_title":"default","ocean_disable_heading":"default","ocean_post_title":"","ocean_post_subheading":"","ocean_post_title_style":"","ocean_post_title_background_color":"","ocean_post_title_background":0,"ocean_post_title_bg_image_position":"","ocean_post_title_bg_image_attachment":"","ocean_post_title_bg_image_repeat":"","ocean_post_title_bg_image_size":"","ocean_post_title_height":0,"ocean_post_title_bg_overlay":0.5,"ocean_post_title_bg_overlay_color":"","ocean_disable_breadcrumbs":"default","ocean_breadcrumbs_color":"","ocean_breadcrumbs_separator_color":"","ocean_breadcrumbs_links_color":"","ocean_breadcrumbs_links_hover_color":"","ocean_display_footer_widgets":"default","ocean_display_footer_bottom":"default","ocean_custom_footer_template":"0","ocean_post_oembed":"","ocean_post_self_hosted_media":"","ocean_post_video_embed":"","ocean_link_format":"","ocean_link_format_target":"self","ocean_quote_format":"","ocean_quote_format_link":"post","ocean_gallery_link_images":"off","ocean_gallery_id":[],"footnotes":""},"categories":[11,79],"tags":[19,81,64,6,22,53,76,26,80,4],"class_list":["post-2438","post","type-post","status-publish","format-standard","has-post-thumbnail","hentry","category-actualites","category-seances-individuelles","tag-coaching-vocal","tag-confiance-en-soi","tag-corps-et-voix","tag-emotions","tag-expression-vocale","tag-francoise-hecquard","tag-respiration","tag-rouen","tag-sotteville-les-rouen","tag-voix","entry","has-media"],"_links":{"self":[{"href":"https:\/\/presencevocale.fr\/coachingvocal\/wp-json\/wp\/v2\/posts\/2438","targetHints":{"allow":["GET"]}}],"collection":[{"href":"https:\/\/presencevocale.fr\/coachingvocal\/wp-json\/wp\/v2\/posts"}],"about":[{"href":"https:\/\/presencevocale.fr\/coachingvocal\/wp-json\/wp\/v2\/types\/post"}],"author":[{"embeddable":true,"href":"https:\/\/presencevocale.fr\/coachingvocal\/wp-json\/wp\/v2\/users\/3"}],"replies":[{"embeddable":true,"href":"https:\/\/presencevocale.fr\/coachingvocal\/wp-json\/wp\/v2\/comments?post=2438"}],"version-history":[{"count":19,"href":"https:\/\/presencevocale.fr\/coachingvocal\/wp-json\/wp\/v2\/posts\/2438\/revisions"}],"predecessor-version":[{"id":2459,"href":"https:\/\/presencevocale.fr\/coachingvocal\/wp-json\/wp\/v2\/posts\/2438\/revisions\/2459"}],"wp:featuredmedia":[{"embeddable":true,"href":"https:\/\/presencevocale.fr\/coachingvocal\/wp-json\/wp\/v2\/media\/2005"}],"wp:attachment":[{"href":"https:\/\/presencevocale.fr\/coachingvocal\/wp-json\/wp\/v2\/media?parent=2438"}],"wp:term":[{"taxonomy":"category","embeddable":true,"href":"https:\/\/presencevocale.fr\/coachingvocal\/wp-json\/wp\/v2\/categories?post=2438"},{"taxonomy":"post_tag","embeddable":true,"href":"https:\/\/presencevocale.fr\/coachingvocal\/wp-json\/wp\/v2\/tags?post=2438"}],"curies":[{"name":"wp","href":"https:\/\/api.w.org\/{rel}","templated":true}]}}