{"id":2882,"date":"2025-05-26T19:24:53","date_gmt":"2025-05-26T17:24:53","guid":{"rendered":"https:\/\/presencevocale.fr\/coachingvocal\/?p=2882"},"modified":"2025-08-17T20:20:42","modified_gmt":"2025-08-17T18:20:42","slug":"atelier-vibration-de-lete-samedi-28-juin-2025-de-15h-a-18h","status":"publish","type":"post","link":"https:\/\/presencevocale.fr\/coachingvocal\/2025\/05\/26\/atelier-vibration-de-lete-samedi-28-juin-2025-de-15h-a-18h\/","title":{"rendered":"Atelier Vibration de l&rsquo;\u00e9t\u00e9 &#8211; Samedi 28 juin 2025, de 15h \u00e0 18h"},"content":{"rendered":"\n<div class=\"wp-block-group is-nowrap is-layout-flex wp-container-core-group-is-layout-64989fb1 wp-block-group-is-layout-flex\">\n<div class=\"wp-block-media-text is-stacked-on-mobile\" style=\"grid-template-columns:35% auto\"><figure class=\"wp-block-media-text__media\"><img loading=\"lazy\" decoding=\"async\" width=\"1000\" height=\"1000\" src=\"https:\/\/presencevocale.fr\/coachingvocal\/wp-content\/uploads\/2025\/03\/Vibration-interieure-1.jpeg\" alt=\"\" class=\"wp-image-2860 size-full\" srcset=\"https:\/\/presencevocale.fr\/coachingvocal\/wp-content\/uploads\/2025\/03\/Vibration-interieure-1.jpeg 1000w, https:\/\/presencevocale.fr\/coachingvocal\/wp-content\/uploads\/2025\/03\/Vibration-interieure-1-300x300.jpeg 300w, https:\/\/presencevocale.fr\/coachingvocal\/wp-content\/uploads\/2025\/03\/Vibration-interieure-1-150x150.jpeg 150w, https:\/\/presencevocale.fr\/coachingvocal\/wp-content\/uploads\/2025\/03\/Vibration-interieure-1-768x768.jpeg 768w, https:\/\/presencevocale.fr\/coachingvocal\/wp-content\/uploads\/2025\/03\/Vibration-interieure-1-600x600.jpeg 600w\" sizes=\"auto, (max-width: 1000px) 100vw, 1000px\" \/><\/figure><div class=\"wp-block-media-text__content\">\n<p class=\"has-luminous-vivid-orange-color has-text-color has-link-color has-medium-font-size wp-elements-d143ee1d6e69930ed8ee9e46de2dbf98\"><strong>Un atelier de 3 heures centr\u00e9 sur l&rsquo;\u00e9nergie de l&rsquo;<em>Et\u00e9,<\/em><br>appuy\u00e9 sur les techniques et la philosophie du Yoga du son<\/strong><\/p>\n\n\n\n<h5 class=\"wp-block-heading has-black-color has-text-color has-link-color wp-elements-e17f4584333b91ef025aebe7b6f2f41f\"><em>Pour vous r\u00e9g\u00e9n\u00e9rer<\/em><\/h5>\n\n\n\n<h5 class=\"wp-block-heading has-black-color has-text-color has-link-color wp-elements-19bc2b6bd2fd0600e62790d637a27878\"><em>Pour vous sentir vibrer<\/em><\/h5>\n\n\n\n<h5 class=\"wp-block-heading has-black-color has-text-color has-link-color wp-elements-e70176972e87548a6f2780e39c7a2de2\"><em>Pour vous connecter \u00e0 votre corps et \u00e0 votre joie<\/em><\/h5>\n\n\n\n<p class=\"has-black-color has-text-color has-link-color wp-elements-a12fbbc920ddf7d4ad81934def789c5b\"><em><strong>Pour vous sentir bien avec les autres<\/strong><\/em><\/p>\n<\/div><\/div>\n<\/div>\n\n\n\n<p><\/p>\n\n\n\n<h2 class=\"wp-block-heading has-luminous-vivid-orange-color has-text-color has-link-color wp-elements-c63b7e56c6a7abaa4ff8c939c8dd0d60\"><strong>L&rsquo;\u00e9t\u00e9 est la saison de l&rsquo;ext\u00e9riorisation, du mouvement et de la communication.<\/strong><\/h2>\n\n\n\n<div class=\"wp-block-media-text has-media-on-the-right is-stacked-on-mobile\" style=\"grid-template-columns:auto 32%\"><div class=\"wp-block-media-text__content\">\n<p>Lors de cette session, je vous propose d\u2019aller \u00e0 la rencontre de l\u2019\u00e9nergie Yang de l&rsquo;\u00e9t\u00e9. Selon le Tao\u00efsme, l\u2019\u00e9l\u00e9ment associ\u00e9 \u00e0 l&rsquo;\u00e9t\u00e9 est <strong>le FEU.<\/strong><\/p>\n\n\n\n<p>&nbsp;<strong>Le COEUR<\/strong> et l&rsquo;intestin gr\u00eale sont les organes qui ont besoin de se r\u00e9g\u00e9n\u00e9rer en \u00e9t\u00e9. <strong>La LANGUE<\/strong> en particulier est l&rsquo;organe de l\u2019expression et du recentrage durant cette saison. Nous renforcerons en \u00e9nergie ces diff\u00e9rents organes et leur confierons notre voix pour leur faire exprimer la joie rayonnante, la spontan\u00e9it\u00e9 et la compassion, \u00e0 l&rsquo;\u00e9coute de notre moi int\u00e9rieur. Nous vibrerons et \u00e9couterons intens\u00e9ment.<\/p>\n\n\n\n<p class=\"has-luminous-vivid-orange-color has-text-color has-link-color wp-elements-c11a5eee0bba15fced5a127daaeeca40\"><strong>Bien vivre la saison de l&rsquo;\u00e9t\u00e9, c\u2019est encourager l&rsquo;amour en soi, danser, rire, chanter et pr\u00e9server l\u2019\u00e9nergie du Coeur.<\/strong><\/p>\n<\/div><figure class=\"wp-block-media-text__media\"><img loading=\"lazy\" decoding=\"async\" width=\"1024\" height=\"768\" src=\"https:\/\/presencevocale.fr\/coachingvocal\/wp-content\/uploads\/2025\/05\/Ete-Energie-Depositphotos_98019560_XL-1024x768.jpg\" alt=\"\" class=\"wp-image-2889 size-full\" srcset=\"https:\/\/presencevocale.fr\/coachingvocal\/wp-content\/uploads\/2025\/05\/Ete-Energie-Depositphotos_98019560_XL-1024x768.jpg 1024w, https:\/\/presencevocale.fr\/coachingvocal\/wp-content\/uploads\/2025\/05\/Ete-Energie-Depositphotos_98019560_XL-300x225.jpg 300w, https:\/\/presencevocale.fr\/coachingvocal\/wp-content\/uploads\/2025\/05\/Ete-Energie-Depositphotos_98019560_XL-768x576.jpg 768w, https:\/\/presencevocale.fr\/coachingvocal\/wp-content\/uploads\/2025\/05\/Ete-Energie-Depositphotos_98019560_XL-1536x1152.jpg 1536w, https:\/\/presencevocale.fr\/coachingvocal\/wp-content\/uploads\/2025\/05\/Ete-Energie-Depositphotos_98019560_XL-2048x1536.jpg 2048w\" sizes=\"auto, (max-width: 1024px) 100vw, 1024px\" \/><\/figure><\/div>\n\n\n\n<div class=\"wp-block-group is-nowrap is-layout-flex wp-container-core-group-is-layout-ad2f72ca wp-block-group-is-layout-flex\">\n<h2 class=\"wp-block-heading has-luminous-vivid-orange-color has-text-color has-link-color wp-elements-efc63a33a254bcd9a483306c7b71ed08\">Techniques utilis\u00e9es :<\/h2>\n\n\n\n<p><\/p>\n<\/div>\n\n\n\n<p>Exercices d&rsquo;\u00e9chauffement de la voix &#8211; Exercices corporels et massages &#8211; Improvisations vocales collectives bas\u00e9es sur les sons m\u00e8re et les mantras &#8211; \u00c9coute de soi et des autres &#8211; Mises en mouvement<\/p>\n\n\n\n<p>Apportez une bouteille d&rsquo;eau, des v\u00eatements souples et de quoi vous couvrir pour les exercices de pleine conscience.<\/p>\n\n\n\n<h2 class=\"wp-block-heading has-luminous-vivid-orange-color has-text-color has-link-color wp-elements-3302dd92b1974924c4a1167e6336e456\">Quand ?<\/h2>\n\n\n\n<p class=\"has-medium-font-size\"><strong>Le Samedi 28 juin, de 15h \u00e0 18h<\/strong><\/p>\n\n\n\n<h2 class=\"wp-block-heading has-luminous-vivid-orange-color has-text-color has-link-color wp-elements-2a4d17fd52ca1c493d60bff32a2d0a45\">Ou ?<\/h2>\n\n\n\n<div class=\"wp-block-media-text is-stacked-on-mobile\"><figure class=\"wp-block-media-text__media\"><img loading=\"lazy\" decoding=\"async\" width=\"1024\" height=\"546\" src=\"https:\/\/presencevocale.fr\/coachingvocal\/wp-content\/uploads\/2025\/03\/Centre-espace-equilibre-Rouen-2-1-1024x546.jpg\" alt=\"\" class=\"wp-image-2863 size-full\" srcset=\"https:\/\/presencevocale.fr\/coachingvocal\/wp-content\/uploads\/2025\/03\/Centre-espace-equilibre-Rouen-2-1-1024x546.jpg 1024w, https:\/\/presencevocale.fr\/coachingvocal\/wp-content\/uploads\/2025\/03\/Centre-espace-equilibre-Rouen-2-1-300x160.jpg 300w, https:\/\/presencevocale.fr\/coachingvocal\/wp-content\/uploads\/2025\/03\/Centre-espace-equilibre-Rouen-2-1-768x410.jpg 768w, https:\/\/presencevocale.fr\/coachingvocal\/wp-content\/uploads\/2025\/03\/Centre-espace-equilibre-Rouen-2-1.jpg 1500w\" sizes=\"auto, (max-width: 1024px) 100vw, 1024px\" \/><\/figure><div class=\"wp-block-media-text__content\">\n<p class=\"has-medium-font-size\"><strong>Au Centre Espace d&rsquo;\u00e9quilibre, 14 rue du Pr\u00e9 de la Bataille, \u00e0 Rouen<\/strong><\/p>\n\n\n\n<p class=\"has-medium-font-size\"><strong>Tarif : 30 \u20ac<\/strong><\/p>\n<\/div><\/div>\n\n\n\n<p><\/p>\n\n\n\n<h2 class=\"wp-block-heading has-luminous-vivid-orange-color has-text-color has-link-color wp-elements-7d0e9b8348b139c0df55553dd71468e2\">S&rsquo;inscrire<\/h2>\n\n\n<div class=\"frm_forms  with_frm_style frm_style_style-formidable\" id=\"frm_form_5_container\" >\n<form enctype=\"multipart\/form-data\" method=\"post\" class=\"frm-show-form \" id=\"form_formulaireinscription\" >\n<div class=\"frm_form_fields \">\n<fieldset>\n<legend class=\"frm_screen_reader\">Formulaire d'inscription<\/legend>\r\n<h3 class=\"frm_form_title\">Formulaire d'inscription<\/h3>\r\n<div class=\"frm_fields_container\">\n<input type=\"hidden\" name=\"frm_action\" value=\"create\" \/>\n<input type=\"hidden\" name=\"form_id\" value=\"5\" \/>\n<input type=\"hidden\" name=\"frm_hide_fields_5\" id=\"frm_hide_fields_5\" value=\"\" \/>\n<input type=\"hidden\" name=\"form_key\" value=\"formulaireinscription\" \/>\n<input type=\"hidden\" name=\"item_meta[0]\" value=\"\" \/>\n<input type=\"hidden\" id=\"frm_submit_entry_5\" name=\"frm_submit_entry_5\" value=\"f249cbc482\" \/><input type=\"hidden\" name=\"_wp_http_referer\" value=\"\/coachingvocal\/wp-json\/wp\/v2\/posts\/2882\" \/><div id=\"frm_field_25_container\" class=\"frm_form_field form-field  frm_required_field frm_top_container frm_full frm_first\">\r\n    <label for=\"field_9a0kg\" class=\"frm_primary_label\">Titre et dates du stage ou de l'atelier\r\n        <span class=\"frm_required\">*<\/span>\r\n    <\/label>\r\n    <input type=\"text\" id=\"field_9a0kg\" name=\"item_meta[25]\" value=\"\"  data-reqmsg=\"Ce champ ne peut pas \u00eatre vide\" aria-required=\"true\" data-invmsg=\"texte est non valide\" aria-invalid=\"false\"  \/>\r\n    \r\n    \r\n<\/div>\n<div id=\"frm_field_31_container\" class=\"frm_form_field form-field  frm_required_field frm_left_container frm_half\">\n    <label for=\"field_ljax5\" id=\"field_ljax5_label\" class=\"frm_primary_label\">NOM\n        <span class=\"frm_required\" aria-hidden=\"true\">*<\/span>\n    <\/label>\n    <input type=\"text\" id=\"field_ljax5\" name=\"item_meta[31]\" value=\"\"  data-reqmsg=\"Ce champ ne peut pas \u00eatre vide\" aria-required=\"true\" data-invmsg=\"texte est non valide\" aria-invalid=\"false\"  \/>\n    \n    \n<\/div>\n<div id=\"frm_field_32_container\" class=\"frm_form_field form-field  frm_required_field frm_top_container frm_half\">\n    <label for=\"field_7lzcj\" id=\"field_7lzcj_label\" class=\"frm_primary_label\">Pr\u00e9nom\n        <span class=\"frm_required\" aria-hidden=\"true\">*<\/span>\n    <\/label>\n    <input type=\"text\" id=\"field_7lzcj\" name=\"item_meta[32]\" value=\"\"  data-reqmsg=\"Ce champ ne peut pas \u00eatre vide\" aria-required=\"true\" data-invmsg=\"texte est non valide\" aria-invalid=\"false\"  \/>\n    \n    \n<\/div>\n<div id=\"frm_field_27_container\" class=\"frm_form_field form-field  frm_required_field frm_top_container frm_half\">\r\n    <label for=\"field_snpyk\" class=\"frm_primary_label\">Ville\r\n        <span class=\"frm_required\">*<\/span>\r\n    <\/label>\r\n    <input type=\"text\" id=\"field_snpyk\" name=\"item_meta[27]\" value=\"\"  data-reqmsg=\"Ce champ ne peut pas \u00eatre vide\" aria-required=\"true\" data-invmsg=\"texte est non valide\" aria-invalid=\"false\"  \/>\r\n    \r\n    \r\n<\/div>\n<div id=\"frm_field_22_container\" class=\"frm_form_field form-field  frm_required_field frm_top_container frm_third frm_first\">\r\n    <label for=\"field_29yf4d4\" class=\"frm_primary_label\">Email\r\n        <span class=\"frm_required\">*<\/span>\r\n    <\/label>\r\n    <input type=\"email\" id=\"field_29yf4d4\" name=\"item_meta[22]\" value=\"\"  data-reqmsg=\"Ce champ ne peut pas \u00eatre vide\" aria-required=\"true\" data-invmsg=\"Please enter a valid email address\" aria-invalid=\"false\"  \/>\r\n    \r\n    \r\n<\/div>\n<div id=\"frm_field_23_container\" class=\"frm_form_field form-field  frm_required_field frm_top_container frm_third\">\r\n    <label for=\"field_ew3yw2\" class=\"frm_primary_label\">T\u00e9l\u00e9phone\r\n        <span class=\"frm_required\">*<\/span>\r\n    <\/label>\r\n    <input type=\"text\" id=\"field_ew3yw2\" name=\"item_meta[23]\" value=\"\"  data-reqmsg=\"Ce champ ne peut pas \u00eatre vide\" aria-required=\"true\" data-invmsg=\"texte est non valide\" aria-invalid=\"false\"  \/>\r\n    \r\n    \r\n<\/div>\n<div id=\"frm_field_26_container\" class=\"frm_form_field form-field  frm_required_field frm_top_container frm_sixth\">\r\n    <label for=\"field_3gxic\" class=\"frm_primary_label\">Nombre d'inscriptions souhait\u00e9es\r\n        <span class=\"frm_required\">*<\/span>\r\n    <\/label>\r\n    \t\t<select name=\"item_meta[26]\" id=\"field_3gxic\"  data-reqmsg=\"Ce champ ne peut pas \u00eatre vide\" aria-required=\"true\" data-invmsg=\"Nombre d&#039;inscriptions souhait\u00e9es est non valide\" aria-invalid=\"false\"  >\n\t\t<option  value=\"\" selected='selected'> <\/option><option  value=\"1\">1<\/option><option  value=\"2\">2<\/option><option  value=\"3\">3<\/option><option  value=\"4\">4<\/option>\t<\/select>\n\t\r\n    \r\n    \r\n<\/div>\n<div id=\"frm_field_24_container\" class=\"frm_form_field form-field  frm_top_container frm_full\">\r\n    <label for=\"field_9jv0r14\" class=\"frm_primary_label\">Message\r\n        <span class=\"frm_required\"><\/span>\r\n    <\/label>\r\n    <textarea name=\"item_meta[24]\" id=\"field_9jv0r14\" rows=\"5\"  data-invmsg=\"Message est non valide\" aria-invalid=\"false\"  ><\/textarea>\r\n    \r\n    \r\n<\/div>\n<div id=\"frm_field_33_container\" class=\"frm_form_field form-field  frm_none_container\">\n    <label for=\"g-recaptcha-response\" id=\"field_96res_label\" class=\"frm_primary_label\">reCAPTCHA\n        <span class=\"frm_required\" aria-hidden=\"true\"><\/span>\n    <\/label>\n    <div  id=\"field_96res\" class=\"g-recaptcha\" data-sitekey=\"6Le8sOwfAAAAAPBhM6qA1mVoufp11tqXa-FTvHQL\" data-size=\"normal\" data-theme=\"light\"><\/div>\n    \n    \n<\/div>\n<div id=\"frm_field_36_container\" class=\"frm_form_field form-field \">\n\t<div class=\"frm_submit\">\r\n\r\n<button class=\"frm_button_submit\" type=\"submit\"  >Envoyer<\/button>\r\n\r\n<\/div>\n<\/div>\n\t<input type=\"hidden\" name=\"item_key\" value=\"\" \/>\n\t\t\t<div id=\"frm_field_37_container\">\n\t\t\t<label for=\"field_1nu5\" >\n\t\t\t\tSi vous \u00eates un humain, ne remplissez pas ce champ.\t\t\t<\/label>\n\t\t\t<input  id=\"field_1nu5\" type=\"text\" class=\"frm_form_field form-field frm_verify\" name=\"item_meta[37]\" value=\"\"  \/>\n\t\t<\/div>\n\t\t<input name=\"frm_state\" type=\"hidden\" value=\"z\/Xb1Usj4ySh+mfxkbvvD9IjC1Y9n5nZhGnx+2Rff2Y=\" \/><\/div>\n<\/fieldset>\n<\/div>\n\n<p style=\"display: none !important;\" class=\"akismet-fields-container\" data-prefix=\"ak_\"><label>&#916;<textarea name=\"ak_hp_textarea\" cols=\"45\" rows=\"8\" maxlength=\"100\"><\/textarea><\/label><input type=\"hidden\" id=\"ak_js_1\" name=\"ak_js\" value=\"65\"\/><script>\ndocument.getElementById( \"ak_js_1\" ).setAttribute( \"value\", ( new Date() ).getTime() );\n<\/script>\n<\/p><\/form>\n<\/div>\n\n","protected":false},"excerpt":{"rendered":"<p>Un atelier de 3 heures centr\u00e9 sur l&rsquo;\u00e9nergie de l&rsquo;Et\u00e9,appuy\u00e9 sur les techniques et la philosophie du Yoga du son Pour vous r\u00e9g\u00e9n\u00e9rer Pour vous sentir vibrer Pour vous connecter \u00e0 votre corps et \u00e0 votre joie Pour vous sentir bien avec les autres L&rsquo;\u00e9t\u00e9 est la saison de l&rsquo;ext\u00e9riorisation, du mouvement et de la [&hellip;]<\/p>\n","protected":false},"author":6,"featured_media":2889,"comment_status":"open","ping_status":"open","sticky":false,"template":"","format":"standard","meta":{"ocean_post_layout":"","ocean_both_sidebars_style":"","ocean_both_sidebars_content_width":0,"ocean_both_sidebars_sidebars_width":0,"ocean_sidebar":"0","ocean_second_sidebar":"0","ocean_disable_margins":"enable","ocean_add_body_class":"","ocean_shortcode_before_top_bar":"","ocean_shortcode_after_top_bar":"","ocean_shortcode_before_header":"","ocean_shortcode_after_header":"","ocean_has_shortcode":"","ocean_shortcode_after_title":"","ocean_shortcode_before_footer_widgets":"","ocean_shortcode_after_footer_widgets":"","ocean_shortcode_before_footer_bottom":"","ocean_shortcode_after_footer_bottom":"","ocean_display_top_bar":"default","ocean_display_header":"default","ocean_header_style":"","ocean_center_header_left_menu":"0","ocean_custom_header_template":"0","ocean_custom_logo":0,"ocean_custom_retina_logo":0,"ocean_custom_logo_max_width":0,"ocean_custom_logo_tablet_max_width":0,"ocean_custom_logo_mobile_max_width":0,"ocean_custom_logo_max_height":0,"ocean_custom_logo_tablet_max_height":0,"ocean_custom_logo_mobile_max_height":0,"ocean_header_custom_menu":"0","ocean_menu_typo_font_family":"0","ocean_menu_typo_font_subset":"","ocean_menu_typo_font_size":0,"ocean_menu_typo_font_size_tablet":0,"ocean_menu_typo_font_size_mobile":0,"ocean_menu_typo_font_size_unit":"px","ocean_menu_typo_font_weight":"","ocean_menu_typo_font_weight_tablet":"","ocean_menu_typo_font_weight_mobile":"","ocean_menu_typo_transform":"","ocean_menu_typo_transform_tablet":"","ocean_menu_typo_transform_mobile":"","ocean_menu_typo_line_height":0,"ocean_menu_typo_line_height_tablet":0,"ocean_menu_typo_line_height_mobile":0,"ocean_menu_typo_line_height_unit":"","ocean_menu_typo_spacing":0,"ocean_menu_typo_spacing_tablet":0,"ocean_menu_typo_spacing_mobile":0,"ocean_menu_typo_spacing_unit":"","ocean_menu_link_color":"","ocean_menu_link_color_hover":"","ocean_menu_link_color_active":"","ocean_menu_link_background":"","ocean_menu_link_hover_background":"","ocean_menu_link_active_background":"","ocean_menu_social_links_bg":"","ocean_menu_social_hover_links_bg":"","ocean_menu_social_links_color":"","ocean_menu_social_hover_links_color":"","ocean_disable_title":"default","ocean_disable_heading":"default","ocean_post_title":"","ocean_post_subheading":"","ocean_post_title_style":"","ocean_post_title_background_color":"","ocean_post_title_background":0,"ocean_post_title_bg_image_position":"","ocean_post_title_bg_image_attachment":"","ocean_post_title_bg_image_repeat":"","ocean_post_title_bg_image_size":"","ocean_post_title_height":0,"ocean_post_title_bg_overlay":0.5,"ocean_post_title_bg_overlay_color":"","ocean_disable_breadcrumbs":"default","ocean_breadcrumbs_color":"","ocean_breadcrumbs_separator_color":"","ocean_breadcrumbs_links_color":"","ocean_breadcrumbs_links_hover_color":"","ocean_display_footer_widgets":"default","ocean_display_footer_bottom":"default","ocean_custom_footer_template":"0","ocean_post_oembed":"","ocean_post_self_hosted_media":"","ocean_post_video_embed":"","ocean_link_format":"","ocean_link_format_target":"self","ocean_quote_format":"","ocean_quote_format_link":"post","ocean_gallery_link_images":"on","ocean_gallery_id":[],"footnotes":""},"categories":[7],"tags":[48,57,15,99,33,28,53,49,26,4,72],"class_list":["post-2882","post","type-post","status-publish","format-standard","has-post-thumbnail","hentry","category-ateliers","tag-centre-espace-dequilibre","tag-coeur","tag-corps","tag-emotion","tag-energie","tag-ete","tag-francoise-hecquard","tag-joie","tag-rouen","tag-voix","tag-yoga-du-son","entry","has-media"],"_links":{"self":[{"href":"https:\/\/presencevocale.fr\/coachingvocal\/wp-json\/wp\/v2\/posts\/2882","targetHints":{"allow":["GET"]}}],"collection":[{"href":"https:\/\/presencevocale.fr\/coachingvocal\/wp-json\/wp\/v2\/posts"}],"about":[{"href":"https:\/\/presencevocale.fr\/coachingvocal\/wp-json\/wp\/v2\/types\/post"}],"author":[{"embeddable":true,"href":"https:\/\/presencevocale.fr\/coachingvocal\/wp-json\/wp\/v2\/users\/6"}],"replies":[{"embeddable":true,"href":"https:\/\/presencevocale.fr\/coachingvocal\/wp-json\/wp\/v2\/comments?post=2882"}],"version-history":[{"count":13,"href":"https:\/\/presencevocale.fr\/coachingvocal\/wp-json\/wp\/v2\/posts\/2882\/revisions"}],"predecessor-version":[{"id":2896,"href":"https:\/\/presencevocale.fr\/coachingvocal\/wp-json\/wp\/v2\/posts\/2882\/revisions\/2896"}],"wp:featuredmedia":[{"embeddable":true,"href":"https:\/\/presencevocale.fr\/coachingvocal\/wp-json\/wp\/v2\/media\/2889"}],"wp:attachment":[{"href":"https:\/\/presencevocale.fr\/coachingvocal\/wp-json\/wp\/v2\/media?parent=2882"}],"wp:term":[{"taxonomy":"category","embeddable":true,"href":"https:\/\/presencevocale.fr\/coachingvocal\/wp-json\/wp\/v2\/categories?post=2882"},{"taxonomy":"post_tag","embeddable":true,"href":"https:\/\/presencevocale.fr\/coachingvocal\/wp-json\/wp\/v2\/tags?post=2882"}],"curies":[{"name":"wp","href":"https:\/\/api.w.org\/{rel}","templated":true}]}}