{"id":2900,"date":"2025-06-15T20:22:44","date_gmt":"2025-06-15T18:22:44","guid":{"rendered":"https:\/\/presencevocale.fr\/coachingvocal\/?p=2900"},"modified":"2025-08-17T20:51:09","modified_gmt":"2025-08-17T18:51:09","slug":"ateliers-yoga-du-son-2e-semestre-2025","status":"publish","type":"post","link":"https:\/\/presencevocale.fr\/coachingvocal\/2025\/06\/15\/ateliers-yoga-du-son-2e-semestre-2025\/","title":{"rendered":"Ateliers Yoga du son 2e semestre 2025"},"content":{"rendered":"\n<div class=\"wp-block-media-text is-stacked-on-mobile\" style=\"grid-template-columns:33% auto\"><figure class=\"wp-block-media-text__media\"><img loading=\"lazy\" decoding=\"async\" width=\"689\" height=\"1024\" src=\"https:\/\/presencevocale.fr\/coachingvocal\/wp-content\/uploads\/2025\/06\/Yoga-du-son-Arbre-humain-bleu.-Detoure-689x1024.png\" alt=\"\" class=\"wp-image-2937 size-full\" srcset=\"https:\/\/presencevocale.fr\/coachingvocal\/wp-content\/uploads\/2025\/06\/Yoga-du-son-Arbre-humain-bleu.-Detoure-689x1024.png 689w, https:\/\/presencevocale.fr\/coachingvocal\/wp-content\/uploads\/2025\/06\/Yoga-du-son-Arbre-humain-bleu.-Detoure-202x300.png 202w, https:\/\/presencevocale.fr\/coachingvocal\/wp-content\/uploads\/2025\/06\/Yoga-du-son-Arbre-humain-bleu.-Detoure-768x1141.png 768w, https:\/\/presencevocale.fr\/coachingvocal\/wp-content\/uploads\/2025\/06\/Yoga-du-son-Arbre-humain-bleu.-Detoure-1034x1536.png 1034w, https:\/\/presencevocale.fr\/coachingvocal\/wp-content\/uploads\/2025\/06\/Yoga-du-son-Arbre-humain-bleu.-Detoure-1378x2048.png 1378w, https:\/\/presencevocale.fr\/coachingvocal\/wp-content\/uploads\/2025\/06\/Yoga-du-son-Arbre-humain-bleu.-Detoure-scaled.png 1723w\" sizes=\"auto, (max-width: 689px) 100vw, 689px\" \/><\/figure><div class=\"wp-block-media-text__content\">\n<p class=\"has-vivid-red-color has-text-color has-link-color has-medium-font-size wp-elements-302eeaed9efa34849aff236ef2424946\"><strong>Descriptif g\u00e9n\u00e9ral <a href=\"https:\/\/presencevocale.fr\/coachingvocal\/yoga-du-son\/\">ICI<\/a><\/strong><\/p>\n<\/div><\/div>\n\n\n\n<p class=\"has-vivid-red-color has-text-color has-link-color has-medium-font-size wp-elements-a30f3554469926a13bcf85a4914e64ad\"><strong>Les 1ers mercredis, de 19h \u00e0 20h30, et 3e lundis du mois, de 18h30 \u00e0 20h<\/strong><\/p>\n\n\n\n<figure class=\"wp-block-table has-medium-font-size\"><table class=\"has-black-color has-text-color has-link-color has-fixed-layout\"><tbody><tr><td><strong>Les Mercredis<\/strong><\/td><td><strong>Les Lundis<\/strong><\/td><\/tr><tr><td>3 septembre<br>1er octobre<br>5 novembre<br>3 d\u00e9cembre<\/td><td>15 septembre<br>13 octobre<br>17 novembre<br>15 d\u00e9cembre<\/td><\/tr><\/tbody><\/table><\/figure>\n\n\n\n<h2 class=\"wp-block-heading has-vivid-red-color has-text-color has-link-color wp-elements-f25af39da671197975011419af12ea28\">Horaires<\/h2>\n\n\n\n<p class=\"has-medium-font-size\"><strong>De 18h30 \u00e0 20h<\/strong><\/p>\n\n\n<div class=\"wp-block-image\">\n<figure class=\"alignright size-large is-resized\"><a href=\"https:\/\/presencevocale.fr\/coachingvocal\/wp-content\/uploads\/2025\/06\/Traversee-du-son-Detouree.png\"><img loading=\"lazy\" decoding=\"async\" width=\"362\" height=\"1024\" src=\"https:\/\/presencevocale.fr\/coachingvocal\/wp-content\/uploads\/2025\/06\/Traversee-du-son-Detouree-362x1024.png\" alt=\"\" class=\"wp-image-2940\" style=\"width:178px;height:auto\" srcset=\"https:\/\/presencevocale.fr\/coachingvocal\/wp-content\/uploads\/2025\/06\/Traversee-du-son-Detouree-362x1024.png 362w, https:\/\/presencevocale.fr\/coachingvocal\/wp-content\/uploads\/2025\/06\/Traversee-du-son-Detouree-106x300.png 106w, https:\/\/presencevocale.fr\/coachingvocal\/wp-content\/uploads\/2025\/06\/Traversee-du-son-Detouree-543x1536.png 543w, https:\/\/presencevocale.fr\/coachingvocal\/wp-content\/uploads\/2025\/06\/Traversee-du-son-Detouree.png 565w\" sizes=\"auto, (max-width: 362px) 100vw, 362px\" \/><\/a><\/figure>\n<\/div>\n\n\n<h2 class=\"wp-block-heading has-vivid-red-color has-text-color has-link-color wp-elements-bb82cde7c0f27d94c826db5d9e5e4c5c\">Le lieu<\/h2>\n\n\n\n<p class=\"has-medium-font-size\">La Chapelle du Foyer des marins, 16 rue Dugay-Trouin, \u00e0 Rouen<\/p>\n\n\n\n<h2 class=\"wp-block-heading has-vivid-red-color has-text-color has-link-color wp-elements-23513eab2a5dc387552de94116a6a2e6\">Le co\u00fbt \u00e0 l&rsquo;atelier<\/h2>\n\n\n\n<p class=\"has-medium-font-size\">15 \u20ac l&rsquo;atelier<\/p>\n\n\n\n<h2 class=\"wp-block-heading has-vivid-red-color has-text-color has-link-color wp-elements-3a388e6d8cf92e1878a65c89df9c1626\">L&rsquo;abonnement au trimestre<\/h2>\n\n\n\n<p class=\"has-medium-font-size\">50 \u20ac pour 1 atelier mensuel (4 ateliers en tout)<\/p>\n\n\n\n<p class=\"has-medium-font-size\">100 \u20ac pour 2 ateliers mensuels (8 ateliers en tout)<\/p>\n\n\n\n<p class=\"has-vivid-red-color has-text-color has-link-color wp-elements-fe620666b1e2e342881e76571ec11493\"><strong>Forfait non remboursable &#8211; Les ateliers sont reportables 1 fois en cas d&rsquo;absence<\/strong><\/p>\n\n\n\n<h2 class=\"wp-block-heading has-vivid-red-color has-text-color has-link-color wp-elements-40f1dcfe5e746f8368bb9cd1fb951fec\">S&rsquo;inscrire<\/h2>\n\n\n<div class=\"frm_forms  with_frm_style frm_style_style-formidable\" id=\"frm_form_5_container\" >\n<form enctype=\"multipart\/form-data\" method=\"post\" class=\"frm-show-form \" id=\"form_formulaireinscription\" >\n<div class=\"frm_form_fields \">\n<fieldset>\n<legend class=\"frm_screen_reader\">Formulaire d'inscription<\/legend>\r\n<h3 class=\"frm_form_title\">Formulaire d'inscription<\/h3>\r\n<div class=\"frm_fields_container\">\n<input type=\"hidden\" name=\"frm_action\" value=\"create\" \/>\n<input type=\"hidden\" name=\"form_id\" value=\"5\" \/>\n<input type=\"hidden\" name=\"frm_hide_fields_5\" id=\"frm_hide_fields_5\" value=\"\" \/>\n<input type=\"hidden\" name=\"form_key\" value=\"formulaireinscription\" \/>\n<input type=\"hidden\" name=\"item_meta[0]\" value=\"\" \/>\n<input type=\"hidden\" id=\"frm_submit_entry_5\" name=\"frm_submit_entry_5\" value=\"f249cbc482\" \/><input type=\"hidden\" name=\"_wp_http_referer\" value=\"\/coachingvocal\/wp-json\/wp\/v2\/posts\/2900\" \/><div id=\"frm_field_25_container\" class=\"frm_form_field form-field  frm_required_field frm_top_container frm_full frm_first\">\r\n    <label for=\"field_9a0kg\" class=\"frm_primary_label\">Titre et dates du stage ou de l'atelier\r\n        <span class=\"frm_required\">*<\/span>\r\n    <\/label>\r\n    <input type=\"text\" id=\"field_9a0kg\" name=\"item_meta[25]\" value=\"\"  data-reqmsg=\"Ce champ ne peut pas \u00eatre vide\" aria-required=\"true\" data-invmsg=\"texte est non valide\" aria-invalid=\"false\"  \/>\r\n    \r\n    \r\n<\/div>\n<div id=\"frm_field_31_container\" class=\"frm_form_field form-field  frm_required_field frm_left_container frm_half\">\n    <label for=\"field_ljax5\" id=\"field_ljax5_label\" class=\"frm_primary_label\">NOM\n        <span class=\"frm_required\" aria-hidden=\"true\">*<\/span>\n    <\/label>\n    <input type=\"text\" id=\"field_ljax5\" name=\"item_meta[31]\" value=\"\"  data-reqmsg=\"Ce champ ne peut pas \u00eatre vide\" aria-required=\"true\" data-invmsg=\"texte est non valide\" aria-invalid=\"false\"  \/>\n    \n    \n<\/div>\n<div id=\"frm_field_32_container\" class=\"frm_form_field form-field  frm_required_field frm_top_container frm_half\">\n    <label for=\"field_7lzcj\" id=\"field_7lzcj_label\" class=\"frm_primary_label\">Pr\u00e9nom\n        <span class=\"frm_required\" aria-hidden=\"true\">*<\/span>\n    <\/label>\n    <input type=\"text\" id=\"field_7lzcj\" name=\"item_meta[32]\" value=\"\"  data-reqmsg=\"Ce champ ne peut pas \u00eatre vide\" aria-required=\"true\" data-invmsg=\"texte est non valide\" aria-invalid=\"false\"  \/>\n    \n    \n<\/div>\n<div id=\"frm_field_27_container\" class=\"frm_form_field form-field  frm_required_field frm_top_container frm_half\">\r\n    <label for=\"field_snpyk\" class=\"frm_primary_label\">Ville\r\n        <span class=\"frm_required\">*<\/span>\r\n    <\/label>\r\n    <input type=\"text\" id=\"field_snpyk\" name=\"item_meta[27]\" value=\"\"  data-reqmsg=\"Ce champ ne peut pas \u00eatre vide\" aria-required=\"true\" data-invmsg=\"texte est non valide\" aria-invalid=\"false\"  \/>\r\n    \r\n    \r\n<\/div>\n<div id=\"frm_field_22_container\" class=\"frm_form_field form-field  frm_required_field frm_top_container frm_third frm_first\">\r\n    <label for=\"field_29yf4d4\" class=\"frm_primary_label\">Email\r\n        <span class=\"frm_required\">*<\/span>\r\n    <\/label>\r\n    <input type=\"email\" id=\"field_29yf4d4\" name=\"item_meta[22]\" value=\"\"  data-reqmsg=\"Ce champ ne peut pas \u00eatre vide\" aria-required=\"true\" data-invmsg=\"Please enter a valid email address\" aria-invalid=\"false\"  \/>\r\n    \r\n    \r\n<\/div>\n<div id=\"frm_field_23_container\" class=\"frm_form_field form-field  frm_required_field frm_top_container frm_third\">\r\n    <label for=\"field_ew3yw2\" class=\"frm_primary_label\">T\u00e9l\u00e9phone\r\n        <span class=\"frm_required\">*<\/span>\r\n    <\/label>\r\n    <input type=\"text\" id=\"field_ew3yw2\" name=\"item_meta[23]\" value=\"\"  data-reqmsg=\"Ce champ ne peut pas \u00eatre vide\" aria-required=\"true\" data-invmsg=\"texte est non valide\" aria-invalid=\"false\"  \/>\r\n    \r\n    \r\n<\/div>\n<div id=\"frm_field_26_container\" class=\"frm_form_field form-field  frm_required_field frm_top_container frm_sixth\">\r\n    <label for=\"field_3gxic\" class=\"frm_primary_label\">Nombre d'inscriptions souhait\u00e9es\r\n        <span class=\"frm_required\">*<\/span>\r\n    <\/label>\r\n    \t\t<select name=\"item_meta[26]\" id=\"field_3gxic\"  data-reqmsg=\"Ce champ ne peut pas \u00eatre vide\" aria-required=\"true\" data-invmsg=\"Nombre d&#039;inscriptions souhait\u00e9es est non valide\" aria-invalid=\"false\"  >\n\t\t<option  value=\"\" selected='selected'> <\/option><option  value=\"1\">1<\/option><option  value=\"2\">2<\/option><option  value=\"3\">3<\/option><option  value=\"4\">4<\/option>\t<\/select>\n\t\r\n    \r\n    \r\n<\/div>\n<div id=\"frm_field_24_container\" class=\"frm_form_field form-field  frm_top_container frm_full\">\r\n    <label for=\"field_9jv0r14\" class=\"frm_primary_label\">Message\r\n        <span class=\"frm_required\"><\/span>\r\n    <\/label>\r\n    <textarea name=\"item_meta[24]\" id=\"field_9jv0r14\" rows=\"5\"  data-invmsg=\"Message est non valide\" aria-invalid=\"false\"  ><\/textarea>\r\n    \r\n    \r\n<\/div>\n<div id=\"frm_field_33_container\" class=\"frm_form_field form-field  frm_none_container\">\n    <label for=\"g-recaptcha-response\" id=\"field_96res_label\" class=\"frm_primary_label\">reCAPTCHA\n        <span class=\"frm_required\" aria-hidden=\"true\"><\/span>\n    <\/label>\n    <div  id=\"field_96res\" class=\"g-recaptcha\" data-sitekey=\"6Le8sOwfAAAAAPBhM6qA1mVoufp11tqXa-FTvHQL\" data-size=\"normal\" data-theme=\"light\"><\/div>\n    \n    \n<\/div>\n<div id=\"frm_field_36_container\" class=\"frm_form_field form-field \">\n\t<div class=\"frm_submit\">\r\n\r\n<button class=\"frm_button_submit\" type=\"submit\"  >Envoyer<\/button>\r\n\r\n<\/div>\n<\/div>\n\t<input type=\"hidden\" name=\"item_key\" value=\"\" \/>\n\t\t\t<div id=\"frm_field_37_container\">\n\t\t\t<label for=\"field_thi4\" >\n\t\t\t\tSi vous \u00eates un humain, ne remplissez pas ce champ.\t\t\t<\/label>\n\t\t\t<input  id=\"field_thi4\" type=\"text\" class=\"frm_form_field form-field frm_verify\" name=\"item_meta[37]\" value=\"\"  \/>\n\t\t<\/div>\n\t\t<input name=\"frm_state\" type=\"hidden\" value=\"z\/Xb1Usj4ySh+mfxkbvvD9IjC1Y9n5nZhGnx+2Rff2Y=\" \/><\/div>\n<\/fieldset>\n<\/div>\n\n<p style=\"display: none !important;\" class=\"akismet-fields-container\" data-prefix=\"ak_\"><label>&#916;<textarea name=\"ak_hp_textarea\" cols=\"45\" rows=\"8\" maxlength=\"100\"><\/textarea><\/label><input type=\"hidden\" id=\"ak_js_1\" name=\"ak_js\" value=\"244\"\/><script>\ndocument.getElementById( \"ak_js_1\" ).setAttribute( \"value\", ( new Date() ).getTime() );\n<\/script>\n<\/p><\/form>\n<\/div>\n\n","protected":false},"excerpt":{"rendered":"<p>Descriptif g\u00e9n\u00e9ral ICI Les 1ers mercredis, de 19h \u00e0 20h30, et 3e lundis du mois, de 18h30 \u00e0 20h Les Mercredis Les Lundis 3 septembre1er octobre5 novembre3 d\u00e9cembre 15 septembre13 octobre17 novembre15 d\u00e9cembre Horaires De 18h30 \u00e0 20h Le lieu La Chapelle du Foyer des marins, 16 rue Dugay-Trouin, \u00e0 Rouen Le co\u00fbt \u00e0 l&rsquo;atelier [&hellip;]<\/p>\n","protected":false},"author":6,"featured_media":2937,"comment_status":"open","ping_status":"open","sticky":false,"template":"","format":"standard","meta":{"ocean_post_layout":"","ocean_both_sidebars_style":"","ocean_both_sidebars_content_width":0,"ocean_both_sidebars_sidebars_width":0,"ocean_sidebar":"","ocean_second_sidebar":"","ocean_disable_margins":"enable","ocean_add_body_class":"","ocean_shortcode_before_top_bar":"","ocean_shortcode_after_top_bar":"","ocean_shortcode_before_header":"","ocean_shortcode_after_header":"","ocean_has_shortcode":"","ocean_shortcode_after_title":"","ocean_shortcode_before_footer_widgets":"","ocean_shortcode_after_footer_widgets":"","ocean_shortcode_before_footer_bottom":"","ocean_shortcode_after_footer_bottom":"","ocean_display_top_bar":"default","ocean_display_header":"default","ocean_header_style":"","ocean_center_header_left_menu":"","ocean_custom_header_template":"","ocean_custom_logo":0,"ocean_custom_retina_logo":0,"ocean_custom_logo_max_width":0,"ocean_custom_logo_tablet_max_width":0,"ocean_custom_logo_mobile_max_width":0,"ocean_custom_logo_max_height":0,"ocean_custom_logo_tablet_max_height":0,"ocean_custom_logo_mobile_max_height":0,"ocean_header_custom_menu":"","ocean_menu_typo_font_family":"","ocean_menu_typo_font_subset":"","ocean_menu_typo_font_size":0,"ocean_menu_typo_font_size_tablet":0,"ocean_menu_typo_font_size_mobile":0,"ocean_menu_typo_font_size_unit":"px","ocean_menu_typo_font_weight":"","ocean_menu_typo_font_weight_tablet":"","ocean_menu_typo_font_weight_mobile":"","ocean_menu_typo_transform":"","ocean_menu_typo_transform_tablet":"","ocean_menu_typo_transform_mobile":"","ocean_menu_typo_line_height":0,"ocean_menu_typo_line_height_tablet":0,"ocean_menu_typo_line_height_mobile":0,"ocean_menu_typo_line_height_unit":"","ocean_menu_typo_spacing":0,"ocean_menu_typo_spacing_tablet":0,"ocean_menu_typo_spacing_mobile":0,"ocean_menu_typo_spacing_unit":"","ocean_menu_link_color":"","ocean_menu_link_color_hover":"","ocean_menu_link_color_active":"","ocean_menu_link_background":"","ocean_menu_link_hover_background":"","ocean_menu_link_active_background":"","ocean_menu_social_links_bg":"","ocean_menu_social_hover_links_bg":"","ocean_menu_social_links_color":"","ocean_menu_social_hover_links_color":"","ocean_disable_title":"default","ocean_disable_heading":"default","ocean_post_title":"","ocean_post_subheading":"","ocean_post_title_style":"","ocean_post_title_background_color":"","ocean_post_title_background":0,"ocean_post_title_bg_image_position":"","ocean_post_title_bg_image_attachment":"","ocean_post_title_bg_image_repeat":"","ocean_post_title_bg_image_size":"","ocean_post_title_height":0,"ocean_post_title_bg_overlay":0.5,"ocean_post_title_bg_overlay_color":"","ocean_disable_breadcrumbs":"default","ocean_breadcrumbs_color":"","ocean_breadcrumbs_separator_color":"","ocean_breadcrumbs_links_color":"","ocean_breadcrumbs_links_hover_color":"","ocean_display_footer_widgets":"default","ocean_display_footer_bottom":"default","ocean_custom_footer_template":"","ocean_post_oembed":"","ocean_post_self_hosted_media":"","ocean_post_video_embed":"","ocean_link_format":"","ocean_link_format_target":"self","ocean_quote_format":"","ocean_quote_format_link":"post","ocean_gallery_link_images":"on","ocean_gallery_id":[],"footnotes":""},"categories":[11,7],"tags":[33,71,53,26,4,72],"class_list":["post-2900","post","type-post","status-publish","format-standard","has-post-thumbnail","hentry","category-actualites","category-ateliers","tag-energie","tag-foyer-des-marins","tag-francoise-hecquard","tag-rouen","tag-voix","tag-yoga-du-son","entry","has-media"],"_links":{"self":[{"href":"https:\/\/presencevocale.fr\/coachingvocal\/wp-json\/wp\/v2\/posts\/2900","targetHints":{"allow":["GET"]}}],"collection":[{"href":"https:\/\/presencevocale.fr\/coachingvocal\/wp-json\/wp\/v2\/posts"}],"about":[{"href":"https:\/\/presencevocale.fr\/coachingvocal\/wp-json\/wp\/v2\/types\/post"}],"author":[{"embeddable":true,"href":"https:\/\/presencevocale.fr\/coachingvocal\/wp-json\/wp\/v2\/users\/6"}],"replies":[{"embeddable":true,"href":"https:\/\/presencevocale.fr\/coachingvocal\/wp-json\/wp\/v2\/comments?post=2900"}],"version-history":[{"count":5,"href":"https:\/\/presencevocale.fr\/coachingvocal\/wp-json\/wp\/v2\/posts\/2900\/revisions"}],"predecessor-version":[{"id":2941,"href":"https:\/\/presencevocale.fr\/coachingvocal\/wp-json\/wp\/v2\/posts\/2900\/revisions\/2941"}],"wp:featuredmedia":[{"embeddable":true,"href":"https:\/\/presencevocale.fr\/coachingvocal\/wp-json\/wp\/v2\/media\/2937"}],"wp:attachment":[{"href":"https:\/\/presencevocale.fr\/coachingvocal\/wp-json\/wp\/v2\/media?parent=2900"}],"wp:term":[{"taxonomy":"category","embeddable":true,"href":"https:\/\/presencevocale.fr\/coachingvocal\/wp-json\/wp\/v2\/categories?post=2900"},{"taxonomy":"post_tag","embeddable":true,"href":"https:\/\/presencevocale.fr\/coachingvocal\/wp-json\/wp\/v2\/tags?post=2900"}],"curies":[{"name":"wp","href":"https:\/\/api.w.org\/{rel}","templated":true}]}}