{"id":2951,"date":"2025-10-29T00:55:25","date_gmt":"2025-10-28T22:55:25","guid":{"rendered":"https:\/\/presencevocale.fr\/coachingvocal\/?p=2951"},"modified":"2025-10-29T00:55:58","modified_gmt":"2025-10-28T22:55:58","slug":"le-masque-neutre-outil-de-connaissance-de-soi-et-dappropriation-corporelle-se-dissocier-de-son-personnage-quotidien","status":"publish","type":"post","link":"https:\/\/presencevocale.fr\/coachingvocal\/2025\/10\/29\/le-masque-neutre-outil-de-connaissance-de-soi-et-dappropriation-corporelle-se-dissocier-de-son-personnage-quotidien\/","title":{"rendered":"Le masque neutre, outil de connaissance de soi et d&rsquo;appropriation corporelle : se dissocier de son personnage quotidien"},"content":{"rendered":"<p><a href=\"https:\/\/presencevocale.fr\/coachingvocal\/wp-content\/uploads\/2025\/10\/Masque-neutre-scaled.jpeg\"><img loading=\"lazy\" decoding=\"async\" class=\"size-medium wp-image-2953 alignleft\" src=\"https:\/\/presencevocale.fr\/coachingvocal\/wp-content\/uploads\/2025\/10\/Masque-neutre-300x289.jpeg\" alt=\"\" width=\"300\" height=\"289\" srcset=\"https:\/\/presencevocale.fr\/coachingvocal\/wp-content\/uploads\/2025\/10\/Masque-neutre-300x289.jpeg 300w, https:\/\/presencevocale.fr\/coachingvocal\/wp-content\/uploads\/2025\/10\/Masque-neutre-1024x986.jpeg 1024w, https:\/\/presencevocale.fr\/coachingvocal\/wp-content\/uploads\/2025\/10\/Masque-neutre-768x740.jpeg 768w, https:\/\/presencevocale.fr\/coachingvocal\/wp-content\/uploads\/2025\/10\/Masque-neutre-1536x1479.jpeg 1536w, https:\/\/presencevocale.fr\/coachingvocal\/wp-content\/uploads\/2025\/10\/Masque-neutre-2048x1972.jpeg 2048w\" sizes=\"auto, (max-width: 300px) 100vw, 300px\" \/><\/a>L\u2019histoire du masque neutre, appel\u00e9 \u00e0 l\u2019\u00e9poque \u00ab masque noble \u00bb, d\u00e9bute \u00e0 l\u2019\u00e9cole du Vieux-Colombier, fond\u00e9e par Jacques Copeau \u00e0 Paris en 1913. Jacques Lecoq, com\u00e9dien, metteur en sc\u00e8ne et p\u00e9dagogue, fondateur de la c\u00e9l\u00e8bre \u00e9cole international de th\u00e9\u00e2tre du m\u00eame nom, reprend l\u2019id\u00e9e dans les ann\u00e9es 50 et en fait un outil p\u00e9dagogique.<\/p>\n<p>Tout en continuant d\u2019\u00eatre utilis\u00e9 dans le parcours d\u2019apprentissage des com\u00e9diens et des clown, le masque neutre est aussi devenu plus r\u00e9cemment un outil th\u00e9rapeutique qui aide \u00e0 la d\u00e9couverte de soi et de la relation aux autres, en impliquant le corps et les \u00e9motions dans le mouvement.<\/p>\n<p><strong>Article \u00e0 lire sur <a href=\"https:\/\/cursus.edu\/fr\/34527\/le-masque-neutre-outil-de-connaissance-de-soi-et-dappropriation-corporelle\" target=\"_blank\" rel=\"noopener\">Thot Cursus<\/a><\/strong><\/p>\n","protected":false},"excerpt":{"rendered":"<p>L\u2019histoire du masque neutre, appel\u00e9 \u00e0 l\u2019\u00e9poque \u00ab masque noble \u00bb, d\u00e9bute \u00e0 l\u2019\u00e9cole du Vieux-Colombier, fond\u00e9e par Jacques Copeau \u00e0 Paris en 1913. Jacques Lecoq, com\u00e9dien, metteur en sc\u00e8ne et p\u00e9dagogue, fondateur de la c\u00e9l\u00e8bre \u00e9cole international de th\u00e9\u00e2tre du m\u00eame nom, reprend l\u2019id\u00e9e dans les ann\u00e9es 50 et en fait un outil p\u00e9dagogique. [&hellip;]<\/p>\n","protected":false},"author":6,"featured_media":2953,"comment_status":"open","ping_status":"open","sticky":false,"template":"","format":"standard","meta":{"ocean_post_layout":"","ocean_both_sidebars_style":"","ocean_both_sidebars_content_width":0,"ocean_both_sidebars_sidebars_width":0,"ocean_sidebar":"","ocean_second_sidebar":"","ocean_disable_margins":"enable","ocean_add_body_class":"","ocean_shortcode_before_top_bar":"","ocean_shortcode_after_top_bar":"","ocean_shortcode_before_header":"","ocean_shortcode_after_header":"","ocean_has_shortcode":"","ocean_shortcode_after_title":"","ocean_shortcode_before_footer_widgets":"","ocean_shortcode_after_footer_widgets":"","ocean_shortcode_before_footer_bottom":"","ocean_shortcode_after_footer_bottom":"","ocean_display_top_bar":"default","ocean_display_header":"default","ocean_header_style":"","ocean_center_header_left_menu":"","ocean_custom_header_template":"","ocean_custom_logo":0,"ocean_custom_retina_logo":0,"ocean_custom_logo_max_width":0,"ocean_custom_logo_tablet_max_width":0,"ocean_custom_logo_mobile_max_width":0,"ocean_custom_logo_max_height":0,"ocean_custom_logo_tablet_max_height":0,"ocean_custom_logo_mobile_max_height":0,"ocean_header_custom_menu":"","ocean_menu_typo_font_family":"","ocean_menu_typo_font_subset":"","ocean_menu_typo_font_size":0,"ocean_menu_typo_font_size_tablet":0,"ocean_menu_typo_font_size_mobile":0,"ocean_menu_typo_font_size_unit":"px","ocean_menu_typo_font_weight":"","ocean_menu_typo_font_weight_tablet":"","ocean_menu_typo_font_weight_mobile":"","ocean_menu_typo_transform":"","ocean_menu_typo_transform_tablet":"","ocean_menu_typo_transform_mobile":"","ocean_menu_typo_line_height":0,"ocean_menu_typo_line_height_tablet":0,"ocean_menu_typo_line_height_mobile":0,"ocean_menu_typo_line_height_unit":"","ocean_menu_typo_spacing":0,"ocean_menu_typo_spacing_tablet":0,"ocean_menu_typo_spacing_mobile":0,"ocean_menu_typo_spacing_unit":"","ocean_menu_link_color":"","ocean_menu_link_color_hover":"","ocean_menu_link_color_active":"","ocean_menu_link_background":"","ocean_menu_link_hover_background":"","ocean_menu_link_active_background":"","ocean_menu_social_links_bg":"","ocean_menu_social_hover_links_bg":"","ocean_menu_social_links_color":"","ocean_menu_social_hover_links_color":"","ocean_disable_title":"default","ocean_disable_heading":"default","ocean_post_title":"","ocean_post_subheading":"","ocean_post_title_style":"","ocean_post_title_background_color":"","ocean_post_title_background":0,"ocean_post_title_bg_image_position":"","ocean_post_title_bg_image_attachment":"","ocean_post_title_bg_image_repeat":"","ocean_post_title_bg_image_size":"","ocean_post_title_height":0,"ocean_post_title_bg_overlay":0.5,"ocean_post_title_bg_overlay_color":"","ocean_disable_breadcrumbs":"default","ocean_breadcrumbs_color":"","ocean_breadcrumbs_separator_color":"","ocean_breadcrumbs_links_color":"","ocean_breadcrumbs_links_hover_color":"","ocean_display_footer_widgets":"default","ocean_display_footer_bottom":"default","ocean_custom_footer_template":"","ocean_post_oembed":"","ocean_post_self_hosted_media":"","ocean_post_video_embed":"","ocean_link_format":"","ocean_link_format_target":"self","ocean_quote_format":"","ocean_quote_format_link":"post","ocean_gallery_link_images":"on","ocean_gallery_id":[],"footnotes":""},"categories":[11,3],"tags":[117,6,53,114,115,116,113],"class_list":["post-2951","post","type-post","status-publish","format-standard","has-post-thumbnail","hentry","category-actualites","category-definitions","tag-ariane-mnouchkine","tag-emotions","tag-francoise-hecquard","tag-intelligence-relationnelle","tag-jacques-copeau","tag-jacques-lecoq","tag-masque-neutre","entry","has-media"],"_links":{"self":[{"href":"https:\/\/presencevocale.fr\/coachingvocal\/wp-json\/wp\/v2\/posts\/2951","targetHints":{"allow":["GET"]}}],"collection":[{"href":"https:\/\/presencevocale.fr\/coachingvocal\/wp-json\/wp\/v2\/posts"}],"about":[{"href":"https:\/\/presencevocale.fr\/coachingvocal\/wp-json\/wp\/v2\/types\/post"}],"author":[{"embeddable":true,"href":"https:\/\/presencevocale.fr\/coachingvocal\/wp-json\/wp\/v2\/users\/6"}],"replies":[{"embeddable":true,"href":"https:\/\/presencevocale.fr\/coachingvocal\/wp-json\/wp\/v2\/comments?post=2951"}],"version-history":[{"count":3,"href":"https:\/\/presencevocale.fr\/coachingvocal\/wp-json\/wp\/v2\/posts\/2951\/revisions"}],"predecessor-version":[{"id":2955,"href":"https:\/\/presencevocale.fr\/coachingvocal\/wp-json\/wp\/v2\/posts\/2951\/revisions\/2955"}],"wp:featuredmedia":[{"embeddable":true,"href":"https:\/\/presencevocale.fr\/coachingvocal\/wp-json\/wp\/v2\/media\/2953"}],"wp:attachment":[{"href":"https:\/\/presencevocale.fr\/coachingvocal\/wp-json\/wp\/v2\/media?parent=2951"}],"wp:term":[{"taxonomy":"category","embeddable":true,"href":"https:\/\/presencevocale.fr\/coachingvocal\/wp-json\/wp\/v2\/categories?post=2951"},{"taxonomy":"post_tag","embeddable":true,"href":"https:\/\/presencevocale.fr\/coachingvocal\/wp-json\/wp\/v2\/tags?post=2951"}],"curies":[{"name":"wp","href":"https:\/\/api.w.org\/{rel}","templated":true}]}}