{"id":337,"date":"2015-11-12T03:39:48","date_gmt":"2015-11-12T01:39:48","guid":{"rendered":"http:\/\/presencevocale.fr\/coachingvocal\/?p=337"},"modified":"2016-02-03T01:54:09","modified_gmt":"2016-02-02T23:54:09","slug":"stage-communiquer-de-tout-son-corps-30-et-31-janvier-2016","status":"publish","type":"post","link":"https:\/\/presencevocale.fr\/coachingvocal\/2015\/11\/12\/stage-communiquer-de-tout-son-corps-30-et-31-janvier-2016\/","title":{"rendered":"Stage : Communiquer de tout son corps &#8211; 30 et 31 janvier 2016"},"content":{"rendered":"<h3><a href=\"http:\/\/presencevocale.fr\/coachingvocal\/wp-content\/uploads\/2015\/11\/logo-communiquer_final_grand2-re\u0301duit.jpg\"><img loading=\"lazy\" decoding=\"async\" class=\"wp-image-339 alignleft\" src=\"http:\/\/presencevocale.fr\/coachingvocal\/wp-content\/uploads\/2015\/11\/logo-communiquer_final_grand2-re\u0301duit-300x293.jpg\" alt=\"logo communiquer_final_grand2-re\u0301duit\" width=\"175\" height=\"171\" srcset=\"https:\/\/presencevocale.fr\/coachingvocal\/wp-content\/uploads\/2015\/11\/logo-communiquer_final_grand2-re\u0301duit-300x293.jpg 300w, https:\/\/presencevocale.fr\/coachingvocal\/wp-content\/uploads\/2015\/11\/logo-communiquer_final_grand2-re\u0301duit.jpg 591w\" sizes=\"auto, (max-width: 175px) 100vw, 175px\" \/><\/a><\/h3>\n<p>&nbsp;<\/p>\n<p><em>Si votre corps pouvait parler, que vous dirait-il ?<\/em><\/p>\n<p><em>Laissez-vous circuler l\u2019\u00e9nergie de votre voix ?<\/em><\/p>\n<p><em>Etes-vous bienveillant avec les autres et avec vous-m\u00eame\u00a0?<\/em><\/p>\n<p>&nbsp;<\/p>\n<h3><span style=\"color: #333399;\"><strong>Communiquer de tout son corps,<\/strong><\/span><\/h3>\n<p>tel est le fil conducteur du stage en week-end que nous vous proposons.<\/p>\n<p><!--more--><\/p>\n<p>Communiquer pleinement c\u2019est \u00ab \u00eatre avec \u00bb, \u00eatre en relation avec soi comme avec les autres, \u00eatre dans le m\u00eame temps pr\u00e9sent \u00e0 soi et au monde.<\/p>\n<p>Nos \u00e9motions, notre \u00e9nergie vitale, notre joie \u00e0 \u00eatre en lien trouvent leurs racines et leur rayonnement dans notre corps r\u00e9sonnant.<\/p>\n<p>Durant cette journ\u00e9e et demie, nous vous offrons d\u2019aller \u00e0 la d\u00e9couverte des possibilit\u00e9s de ressenti et d\u2019expression de votre corps, en vivant en conscience la rencontre avec vous-m\u00eame, avec les autres et avec un groupe, par la danse, la pr\u00e9sence, le son, l\u2019harmonisation des gestes, de la voix et de l\u2019\u00e9coute.<\/p>\n<p>&nbsp;<\/p>\n<table style=\"height: 115px;\" width=\"769\">\n<tbody>\n<tr>\n<td width=\"231\">\u00a0<a href=\"http:\/\/presencevocale.fr\/coachingvocal\/communiquer-de-tout-son-corps\/\"><img loading=\"lazy\" decoding=\"async\" class=\"alignnone size-full wp-image-220\" src=\"http:\/\/presencevocale.fr\/coachingvocal\/wp-content\/uploads\/2015\/08\/bt_savoirPlus.png\" alt=\"bt_savoirPlus\" width=\"124\" height=\"30\" \/><\/a><\/td>\n<td width=\"231\">\n<p>\u00a0<span style=\"text-decoration: underline; color: #333399;\"><a style=\"color: #333399; text-decoration: underline;\" href=\"http:\/\/presencevocale.fr\/coachingvocal\/wp-content\/uploads\/2015\/11\/Stage-CDTSC-Flyer-Janvier-2016-Finale.pdf\">Flyer du stage \u00e0 t\u00e9l\u00e9charger<\/a><\/span><\/p>\n<p><a href=\"http:\/\/presencevocale.fr\/coachingvocal\/wp-content\/uploads\/2015\/11\/Stage-CDTSC-Flyer-Janvier-2016-Finale.pdf\"><img loading=\"lazy\" decoding=\"async\" class=\"alignnone wp-image-217\" src=\"http:\/\/presencevocale.fr\/coachingvocal\/wp-content\/uploads\/2015\/08\/adobe-pdf-logo.jpg\" alt=\"\" width=\"79\" height=\"79\" srcset=\"https:\/\/presencevocale.fr\/coachingvocal\/wp-content\/uploads\/2015\/08\/adobe-pdf-logo.jpg 256w, https:\/\/presencevocale.fr\/coachingvocal\/wp-content\/uploads\/2015\/08\/adobe-pdf-logo-150x150.jpg 150w\" sizes=\"auto, (max-width: 79px) 100vw, 79px\" \/><\/a><\/td>\n<\/tr>\n<\/tbody>\n<\/table>\n<p>&nbsp;<\/p>\n<p>&nbsp;<\/p>\n","protected":false},"excerpt":{"rendered":"<p>&nbsp; Si votre corps pouvait parler, que vous dirait-il ? Laissez-vous circuler l\u2019\u00e9nergie de votre voix ? Etes-vous bienveillant avec les autres et avec vous-m\u00eame\u00a0? &nbsp; Communiquer de tout son corps, tel est le fil conducteur du stage en week-end que nous vous proposons.<\/p>\n","protected":false},"author":3,"featured_media":339,"comment_status":"open","ping_status":"open","sticky":false,"template":"","format":"standard","meta":{"ocean_post_layout":"","ocean_both_sidebars_style":"","ocean_both_sidebars_content_width":0,"ocean_both_sidebars_sidebars_width":0,"ocean_sidebar":"","ocean_second_sidebar":"","ocean_disable_margins":"enable","ocean_add_body_class":"","ocean_shortcode_before_top_bar":"","ocean_shortcode_after_top_bar":"","ocean_shortcode_before_header":"","ocean_shortcode_after_header":"","ocean_has_shortcode":"","ocean_shortcode_after_title":"","ocean_shortcode_before_footer_widgets":"","ocean_shortcode_after_footer_widgets":"","ocean_shortcode_before_footer_bottom":"","ocean_shortcode_after_footer_bottom":"","ocean_display_top_bar":"default","ocean_display_header":"default","ocean_header_style":"","ocean_center_header_left_menu":"","ocean_custom_header_template":"","ocean_custom_logo":0,"ocean_custom_retina_logo":0,"ocean_custom_logo_max_width":0,"ocean_custom_logo_tablet_max_width":0,"ocean_custom_logo_mobile_max_width":0,"ocean_custom_logo_max_height":0,"ocean_custom_logo_tablet_max_height":0,"ocean_custom_logo_mobile_max_height":0,"ocean_header_custom_menu":"","ocean_menu_typo_font_family":"","ocean_menu_typo_font_subset":"","ocean_menu_typo_font_size":0,"ocean_menu_typo_font_size_tablet":0,"ocean_menu_typo_font_size_mobile":0,"ocean_menu_typo_font_size_unit":"px","ocean_menu_typo_font_weight":"","ocean_menu_typo_font_weight_tablet":"","ocean_menu_typo_font_weight_mobile":"","ocean_menu_typo_transform":"","ocean_menu_typo_transform_tablet":"","ocean_menu_typo_transform_mobile":"","ocean_menu_typo_line_height":0,"ocean_menu_typo_line_height_tablet":0,"ocean_menu_typo_line_height_mobile":0,"ocean_menu_typo_line_height_unit":"","ocean_menu_typo_spacing":0,"ocean_menu_typo_spacing_tablet":0,"ocean_menu_typo_spacing_mobile":0,"ocean_menu_typo_spacing_unit":"","ocean_menu_link_color":"","ocean_menu_link_color_hover":"","ocean_menu_link_color_active":"","ocean_menu_link_background":"","ocean_menu_link_hover_background":"","ocean_menu_link_active_background":"","ocean_menu_social_links_bg":"","ocean_menu_social_hover_links_bg":"","ocean_menu_social_links_color":"","ocean_menu_social_hover_links_color":"","ocean_disable_title":"default","ocean_disable_heading":"default","ocean_post_title":"","ocean_post_subheading":"","ocean_post_title_style":"","ocean_post_title_background_color":"","ocean_post_title_background":0,"ocean_post_title_bg_image_position":"","ocean_post_title_bg_image_attachment":"","ocean_post_title_bg_image_repeat":"","ocean_post_title_bg_image_size":"","ocean_post_title_height":0,"ocean_post_title_bg_overlay":0.5,"ocean_post_title_bg_overlay_color":"","ocean_disable_breadcrumbs":"default","ocean_breadcrumbs_color":"","ocean_breadcrumbs_separator_color":"","ocean_breadcrumbs_links_color":"","ocean_breadcrumbs_links_hover_color":"","ocean_display_footer_widgets":"default","ocean_display_footer_bottom":"default","ocean_custom_footer_template":"","ocean_post_oembed":"","ocean_post_self_hosted_media":"","ocean_post_video_embed":"","ocean_link_format":"","ocean_link_format_target":"self","ocean_quote_format":"","ocean_quote_format_link":"post","ocean_gallery_link_images":"on","ocean_gallery_id":[],"footnotes":""},"categories":[14],"tags":[12,15,20,22,21,13,26],"class_list":["post-337","post","type-post","status-publish","format-standard","has-post-thumbnail","hentry","category-stages","tag-communication","tag-corps","tag-danse-expressive","tag-expression-vocale","tag-pnl","tag-relation-aux-autres","tag-rouen","entry","has-media"],"_links":{"self":[{"href":"https:\/\/presencevocale.fr\/coachingvocal\/wp-json\/wp\/v2\/posts\/337","targetHints":{"allow":["GET"]}}],"collection":[{"href":"https:\/\/presencevocale.fr\/coachingvocal\/wp-json\/wp\/v2\/posts"}],"about":[{"href":"https:\/\/presencevocale.fr\/coachingvocal\/wp-json\/wp\/v2\/types\/post"}],"author":[{"embeddable":true,"href":"https:\/\/presencevocale.fr\/coachingvocal\/wp-json\/wp\/v2\/users\/3"}],"replies":[{"embeddable":true,"href":"https:\/\/presencevocale.fr\/coachingvocal\/wp-json\/wp\/v2\/comments?post=337"}],"version-history":[{"count":28,"href":"https:\/\/presencevocale.fr\/coachingvocal\/wp-json\/wp\/v2\/posts\/337\/revisions"}],"predecessor-version":[{"id":413,"href":"https:\/\/presencevocale.fr\/coachingvocal\/wp-json\/wp\/v2\/posts\/337\/revisions\/413"}],"wp:featuredmedia":[{"embeddable":true,"href":"https:\/\/presencevocale.fr\/coachingvocal\/wp-json\/wp\/v2\/media\/339"}],"wp:attachment":[{"href":"https:\/\/presencevocale.fr\/coachingvocal\/wp-json\/wp\/v2\/media?parent=337"}],"wp:term":[{"taxonomy":"category","embeddable":true,"href":"https:\/\/presencevocale.fr\/coachingvocal\/wp-json\/wp\/v2\/categories?post=337"},{"taxonomy":"post_tag","embeddable":true,"href":"https:\/\/presencevocale.fr\/coachingvocal\/wp-json\/wp\/v2\/tags?post=337"}],"curies":[{"name":"wp","href":"https:\/\/api.w.org\/{rel}","templated":true}]}}