{"id":490,"date":"2018-09-22T15:49:55","date_gmt":"2018-09-22T14:49:55","guid":{"rendered":"https:\/\/presencevocale.fr\/veillevocale\/?p=490"},"modified":"2018-09-22T15:49:55","modified_gmt":"2018-09-22T14:49:55","slug":"festival-au-fil-des-voix-paris-du-4-au-16-fevrier-2019","status":"publish","type":"post","link":"https:\/\/presencevocale.fr\/veillevocale\/2018\/09\/22\/festival-au-fil-des-voix-paris-du-4-au-16-fevrier-2019\/","title":{"rendered":"Festival Au fil des voix &#8211; Paris, du 4 au 16 f\u00e9vrier 2019"},"content":{"rendered":"<p><img loading=\"lazy\" decoding=\"async\" class=\" wp-image-491 alignleft\" src=\"https:\/\/presencevocale.fr\/veillevocale\/wp-content\/uploads\/2018\/09\/Au_Fil_des_Voix_2018_120x150.png\" alt=\"\" width=\"144\" height=\"180\" \/>L\u2019association organisera la <strong>12\u00e8me<\/strong> \u00e9dition du festival <strong>Au Fil des Voix<\/strong> du <b>04<\/b>\u00a0au <strong>16 f\u00e9vrier 2019<\/strong>\u00a0\u00e0 Paris.<\/p>\n<p>L\u2019objectif est d\u2019offrir une <strong>visibilit\u00e9 aux nouveaux projets des artistes<\/strong>, en lien avec leur <strong>actualit\u00e9 discographique<\/strong>. Les repr\u00e9sentations rev\u00eatent donc la forme de showcases gr\u00e2ce \u00e0 la pr\u00e9sence de <strong>nombreux professionnels des musiques du monde<\/strong> : chaque ann\u00e9e, ce sont plus de <strong>80 programmateurs <\/strong>(sc\u00e8nes nationales, sc\u00e8nes conventionn\u00e9es, th\u00e9\u00e2tres municipaux, festivals d\u2019\u00e9t\u00e9\u2026) et <strong>125 journalistes\u00a0<\/strong>qui y \u00e9taient pr\u00e9sents.<\/p>\n<p>Le\u00a0principe\u00a0de\u00a0<strong>mutualisation<\/strong>\u00a0permet\u00a0aux\u00a0diff\u00e9rents\u00a0partenaires\u00a0(<strong>labels<\/strong>,\u00a0<strong>producteurs<\/strong>\u00a0et\u00a0<strong>tourneurs<\/strong>)\u00a0d\u2019offrir\u00a0une\u00a0<strong>production<\/strong>\u00a0<strong>parisienne<\/strong>\u00a0\u00e0\u00a0co\u00fbt\u00a0r\u00e9duit\u00a0dans\u00a0des <strong>conditions\u00a0d\u2019organisation\u00a0et\u00a0de\u00a0promotion\u00a0professionnelles<\/strong>.<\/p>\n<p>T\u00e9l\u00e9charger <a href=\"https:\/\/www.dropbox.com\/s\/pavj015609hps0o\/Plan%20de%20communication2018.pdf?dl=0\">ici<\/a>\u00a0le dispositif de communication<\/p>\n<p><strong><span class=\"wysiwyg_soustitre\">Le\u00a0fonctionnement\u00a0global\u00a0du\u00a0festival<\/span><\/strong><\/p>\n<ul>\n<li>Un \u00e0 deux concerts par soir<\/li>\n<li>Les spectacles sont s\u00e9lectionn\u00e9s \u00e0 partir de propositions artistiques li\u00e9es \u00e0 une actualit\u00e9 discographique r\u00e9cente (sortie entre mars 2018 et janvier 2019).<\/li>\n<li>La programmation est assur\u00e9e par un comit\u00e9 de programmation, sous la direction artistique de Sa\u00efd Assadi<\/li>\n<li>Si le dossier est retenu, il est pr\u00e9vu une participation du label et ou tourneur \u00e0 hauteur de 1000 \u20ac HT et un travail synergique entre le label et\/ou tourneur et le festival.<\/li>\n<\/ul>\n<h4><a href=\"https:\/\/www.aufildesvoix.com\/fr\">Plus d&#8217;information<\/a><\/h4>\n","protected":false},"excerpt":{"rendered":"<p>L\u2019association organisera la 12\u00e8me \u00e9dition du festival Au Fil des Voix du 04\u00a0au 16 f\u00e9vrier 2019\u00a0\u00e0 Paris. L\u2019objectif est d\u2019offrir une visibilit\u00e9 aux nouveaux projets des artistes, en lien avec leur actualit\u00e9 discographique. Les repr\u00e9sentations rev\u00eatent donc la forme de showcases gr\u00e2ce \u00e0 la pr\u00e9sence de nombreux professionnels des musiques du monde : chaque ann\u00e9e, ce sont plus de 80 programmateurs (sc\u00e8nes nationales, sc\u00e8nes conventionn\u00e9es, th\u00e9\u00e2tres municipaux, festivals d\u2019\u00e9t\u00e9\u2026) et 125 journalistes\u00a0qui y \u00e9taient pr\u00e9sents. Le\u00a0principe\u00a0de\u00a0mutualisation\u00a0permet\u00a0aux\u00a0diff\u00e9rents\u00a0partenaires\u00a0(labels,\u00a0producteurs\u00a0et\u00a0tourneurs)\u00a0d\u2019offrir\u00a0une\u00a0production\u00a0parisienne\u00a0\u00e0\u00a0co\u00fbt\u00a0r\u00e9duit\u00a0dans\u00a0des conditions\u00a0d\u2019organisation\u00a0et\u00a0de\u00a0promotion\u00a0professionnelles. T\u00e9l\u00e9charger ici\u00a0le dispositif&#8230;<\/p>\n<p class=\"read-more\"><a class=\"btn btn-default\" href=\"https:\/\/presencevocale.fr\/veillevocale\/2018\/09\/22\/festival-au-fil-des-voix-paris-du-4-au-16-fevrier-2019\/\">Lire la suite<span class=\"screen-reader-text\"> Lire la suite<\/span><\/a><\/p>\n","protected":false},"author":1,"featured_media":491,"comment_status":"open","ping_status":"open","sticky":false,"template":"","format":"standard","meta":{"footnotes":""},"categories":[6],"tags":[9,7,13],"class_list":["post-490","post","type-post","status-publish","format-standard","has-post-thumbnail","hentry","category-festival","tag-evenement-sur-la-voix","tag-paris","tag-voix"],"_links":{"self":[{"href":"https:\/\/presencevocale.fr\/veillevocale\/wp-json\/wp\/v2\/posts\/490","targetHints":{"allow":["GET"]}}],"collection":[{"href":"https:\/\/presencevocale.fr\/veillevocale\/wp-json\/wp\/v2\/posts"}],"about":[{"href":"https:\/\/presencevocale.fr\/veillevocale\/wp-json\/wp\/v2\/types\/post"}],"author":[{"embeddable":true,"href":"https:\/\/presencevocale.fr\/veillevocale\/wp-json\/wp\/v2\/users\/1"}],"replies":[{"embeddable":true,"href":"https:\/\/presencevocale.fr\/veillevocale\/wp-json\/wp\/v2\/comments?post=490"}],"version-history":[{"count":1,"href":"https:\/\/presencevocale.fr\/veillevocale\/wp-json\/wp\/v2\/posts\/490\/revisions"}],"predecessor-version":[{"id":492,"href":"https:\/\/presencevocale.fr\/veillevocale\/wp-json\/wp\/v2\/posts\/490\/revisions\/492"}],"wp:featuredmedia":[{"embeddable":true,"href":"https:\/\/presencevocale.fr\/veillevocale\/wp-json\/wp\/v2\/media\/491"}],"wp:attachment":[{"href":"https:\/\/presencevocale.fr\/veillevocale\/wp-json\/wp\/v2\/media?parent=490"}],"wp:term":[{"taxonomy":"category","embeddable":true,"href":"https:\/\/presencevocale.fr\/veillevocale\/wp-json\/wp\/v2\/categories?post=490"},{"taxonomy":"post_tag","embeddable":true,"href":"https:\/\/presencevocale.fr\/veillevocale\/wp-json\/wp\/v2\/tags?post=490"}],"curies":[{"name":"wp","href":"https:\/\/api.w.org\/{rel}","templated":true}]}}